{"id":1325,"date":"2019-11-25T19:44:24","date_gmt":"2019-11-25T18:44:24","guid":{"rendered":"https:\/\/conscordoba.esteri.it\/news\/dal_consolato\/2019\/11\/25-novembre-giornata-internazionale-2\/"},"modified":"2019-11-25T19:44:24","modified_gmt":"2019-11-25T18:44:24","slug":"25-novembre-giornata-internazionale-2","status":"publish","type":"post","link":"https:\/\/conscordoba.esteri.it\/es\/news\/dal_consolato\/2019\/11\/25-novembre-giornata-internazionale-2\/","title":{"rendered":"25 de noviembre: d\u00eda internacional de la eliminaci\u00f3n de la violencia contra la mujer"},"content":{"rendered":"<p style=\"text-align: center;\"><strong>25 de noviembre: d\u00eda internacional de la eliminaci\u00f3n de la violencia contra la mujer<\/strong><\/p>\n<p>\u00a0<\/p>\n<p>Italia reafirma su firme compromiso con la lucha contra toda forma de discriminaci\u00f3n y violencia hacia la mujer, lo cual contin\u00faa siendo un grave e inaceptable obst\u00e1culo para el goce de derechos y la plena realizaci\u00f3n personal del g\u00e9nero femenino. Compromiso prioritario del accionar de la pol\u00edtica exterior del estado italiano, que el Ministerio de Asuntos Exteriores lleva adelante tanto a nivel diplom\u00e1tico y de negociaci\u00f3n, como a nivel de cooperaci\u00f3n con el desarrollo.<\/p>\n<p>Prueba de ello son las diversas campa\u00f1as internacionales que desde siempre lleva adelante Italia en forma prioritaria, tales como la erradicaci\u00f3n de la mutilaci\u00f3n genital femenina (MGF) y del matrimonio precoz y forzado.<\/p>\n<p>A ra\u00edz del d\u00eda internacional de la eliminaci\u00f3n de la violencia contra la mujer, la Farnesina y su red diplom\u00e1tica exterior adhieren a la campa\u00f1a de sensibilizaci\u00f3n #OrangetheWorld, promovida por UN Women, que en el 2019 se centra en la lucha contra la violencia sexual, forma de agresi\u00f3n de g\u00e9nero detestable y sumamente frecuente, de la cual una de cada tres mujeres ha sido v\u00edctima alguna vez en su vida.<\/p>\n<p>A su vez, estar\u00e1 asociado a la campa\u00f1a el hashtag #GenerationEquality que, conmemorando el 25\u00ba aniversario de la Declaraci\u00f3n de Pek\u00edn sobre las mujeres, invita a todos a realizar nuevos e importantes pasos hacia la igualdad de g\u00e9nero: una meta que ning\u00fan Pa\u00eds en el mundo, al d\u00eda de hoy, puede admitir haber alcanzado.<\/p>\n<p>\u00a0<\/p>\n<p><span style=\"text-decoration: underline;\"><strong>An\u00e1lisis \u2013 El compromiso de Italia con la eliminaci\u00f3n de la violencia de g\u00e9nero<\/strong><\/span><\/p>\n<p>Italia est\u00e1 activamente comprometida en la promoci\u00f3n de los derechos de las mujeres, de las adolescentes y de las ni\u00f1as, en las relaciones bilaterales con otros Pa\u00edses, en las Organizaciones internacionales y en los programas de cooperaci\u00f3n con el desarrollo, para el pleno cumplimiento del objetivo del desarrollo sustentable SDG 5 de la Agenda 2030. La prevenci\u00f3n y la lucha contra toda forma de violencia ejercida sobre las mujeres se encuentra, tambi\u00e9n, entre las prioridades del actual mandato de Italia en el Consejo de Derechos Humanos (CDU) de la ONU (2019-2021).<\/p>\n<p>D\u00edas atr\u00e1s, con motivo de la Cumbre de Nairobi por el 25\u00ba aniversario de la Conferencia Internacional de Poblaci\u00f3n y Desarrollo (CIPD), Italia anunci\u00f3 nuevos compromisos en sectores prioritarios desde siempre: la lucha contra las pr\u00e1cticas gravemente da\u00f1inas como la mutilaci\u00f3n de genitales femeninos; los matrimonios precoces y forzados, que implican violaciones a la integridad de la salud f\u00edsica y mental de las mujeres y ni\u00f1as; la reducci\u00f3n de la mortalidad materna y la emancipaci\u00f3n respecto de la salud sexual y reproductiva de j\u00f3venes mujeres.<\/p>\n<p>Incluso, el plan estrat\u00e9gico nacional sobre la violencia del hombre hacia la mujer (2017-2020), con el cual se ejecuta lo acordado en la Convenci\u00f3n de Estambul sobre violencia contra las mujeres y violencia dom\u00e9stica, prev\u00e9 importantes medidas de protecci\u00f3n de las mujeres y de las ni\u00f1as.<\/p>\n<p>Italia, adem\u00e1s, apoya las iniciativas internacionales para la prevenci\u00f3n y la lucha contra la violencia sexual y de g\u00e9nero en las situaciones de conflicto y de emergencia (entre las cuales se encuentra Call to Action on Protection from Gender-Based Violence in Emergencies). Asimismo, respalda las actividades de cooperaci\u00f3n con el desarrollo y ayuda humanitaria (por ejemplo, la <a href=\"https:\/\/legalinstruments.oecd.org\/en\/instruments\/OECD-LEGAL-5020\">recomendaci\u00f3n del OSCE-DAC<\/a> del corriente a\u00f1o).<\/p>\n<p>Hace tiempo, Italia se encuentra comprometida con la promoci\u00f3n de una pol\u00edtica de tolerancia cero contra los abusos y la explotaci\u00f3n sexual ejercidos por el personal militar y civil implicado en las misiones de paz ONU.<\/p>\n<p>\u00a0<\/p>\n","protected":false},"excerpt":{"rendered":"25 de noviembre: d\u00eda internacional de la eliminaci\u00f3n de la violencia contra la mujer \u00a0 Italia reafirma su firme compromiso con la lucha contra toda forma de discriminaci\u00f3n y violencia hacia la mujer, lo cual contin\u00faa siendo un grave e inaceptable obst\u00e1culo para el goce de derechos y la plena realizaci\u00f3n personal del g\u00e9nero femenino. [&hellip;]","protected":false},"author":1,"featured_media":0,"comment_status":"","ping_status":"","sticky":false,"template":"","format":"standard","meta":{"footnotes":""},"tags":[],"class_list":["post-1325","post","type-post","status-publish","format-standard","hentry"],"_links":{"self":[{"href":"https:\/\/conscordoba.esteri.it\/es\/wp-json\/wp\/v2\/posts\/1325","targetHints":{"allow":["GET"]}}],"collection":[{"href":"https:\/\/conscordoba.esteri.it\/es\/wp-json\/wp\/v2\/posts"}],"about":[{"href":"https:\/\/conscordoba.esteri.it\/es\/wp-json\/wp\/v2\/types\/post"}],"author":[{"embeddable":true,"href":"https:\/\/conscordoba.esteri.it\/es\/wp-json\/wp\/v2\/users\/1"}],"replies":[{"embeddable":true,"href":"https:\/\/conscordoba.esteri.it\/es\/wp-json\/wp\/v2\/comments?post=1325"}],"version-history":[{"count":0,"href":"https:\/\/conscordoba.esteri.it\/es\/wp-json\/wp\/v2\/posts\/1325\/revisions"}],"wp:attachment":[{"href":"https:\/\/conscordoba.esteri.it\/es\/wp-json\/wp\/v2\/media?parent=1325"}],"wp:term":[{"taxonomy":"post_tag","embeddable":true,"href":"https:\/\/conscordoba.esteri.it\/es\/wp-json\/wp\/v2\/tags?post=1325"}],"curies":[{"name":"wp","href":"https:\/\/api.w.org\/{rel}","templated":true}]}}