{"id":1370,"date":"2019-03-25T16:55:34","date_gmt":"2019-03-25T15:55:34","guid":{"rendered":"https:\/\/conscordoba.esteri.it\/news\/dal_consolato\/2019\/03\/chiusura-degli-uffici-durante-la-2\/"},"modified":"2019-03-25T16:55:34","modified_gmt":"2019-03-25T15:55:34","slug":"chiusura-degli-uffici-durante-la-2","status":"publish","type":"post","link":"https:\/\/conscordoba.esteri.it\/es\/news\/dal_consolato\/2019\/03\/chiusura-degli-uffici-durante-la-2\/","title":{"rendered":"Mi\u00e9rcoles 27\/03: Cierre de la Oficina a causa del CILE 2019"},"content":{"rendered":"<p><strong>Mi\u00e9rcoles 27\/03: Cierre de la Oficina a causa del CILE 2019<\/strong><\/p>\n<p>Se informa a los usuarios que el Consulado General permancer\u00e1 cerrado al p\u00fablico durante la jornada del mi\u00e9rcoles 27 del corriente a causa de los eventos que tendr\u00e1n lugar en la ciudad en ocasi\u00f3n del Congreso Internacional de la Lengua Espa\u00f1ola (CILE).<\/p>\n<p>Quienes tengan turno para ese d\u00eda, ser\u00e1n contactados directamente por la Oficina correspondiente.<\/p>\n<p>\u00a0<\/p>\n","protected":false},"excerpt":{"rendered":"Mi\u00e9rcoles 27\/03: Cierre de la Oficina a causa del CILE 2019 Se informa a los usuarios que el Consulado General permancer\u00e1 cerrado al p\u00fablico durante la jornada del mi\u00e9rcoles 27 del corriente a causa de los eventos que tendr\u00e1n lugar en la ciudad en ocasi\u00f3n del Congreso Internacional de la Lengua Espa\u00f1ola (CILE). Quienes tengan [&hellip;]","protected":false},"author":1,"featured_media":0,"comment_status":"","ping_status":"","sticky":false,"template":"","format":"standard","meta":{"footnotes":""},"tags":[],"class_list":["post-1370","post","type-post","status-publish","format-standard","hentry"],"_links":{"self":[{"href":"https:\/\/conscordoba.esteri.it\/es\/wp-json\/wp\/v2\/posts\/1370","targetHints":{"allow":["GET"]}}],"collection":[{"href":"https:\/\/conscordoba.esteri.it\/es\/wp-json\/wp\/v2\/posts"}],"about":[{"href":"https:\/\/conscordoba.esteri.it\/es\/wp-json\/wp\/v2\/types\/post"}],"author":[{"embeddable":true,"href":"https:\/\/conscordoba.esteri.it\/es\/wp-json\/wp\/v2\/users\/1"}],"replies":[{"embeddable":true,"href":"https:\/\/conscordoba.esteri.it\/es\/wp-json\/wp\/v2\/comments?post=1370"}],"version-history":[{"count":0,"href":"https:\/\/conscordoba.esteri.it\/es\/wp-json\/wp\/v2\/posts\/1370\/revisions"}],"wp:attachment":[{"href":"https:\/\/conscordoba.esteri.it\/es\/wp-json\/wp\/v2\/media?parent=1370"}],"wp:term":[{"taxonomy":"post_tag","embeddable":true,"href":"https:\/\/conscordoba.esteri.it\/es\/wp-json\/wp\/v2\/tags?post=1370"}],"curies":[{"name":"wp","href":"https:\/\/api.w.org\/{rel}","templated":true}]}}