{"id":1481,"date":"2018-02-13T18:50:17","date_gmt":"2018-02-13T17:50:17","guid":{"rendered":"https:\/\/conscordoba.esteri.it\/news\/dal_consolato\/2018\/02\/avviso-importante-ufficio-studi-2\/"},"modified":"2018-02-13T18:50:17","modified_gmt":"2018-02-13T17:50:17","slug":"avviso-importante-ufficio-studi-2","status":"publish","type":"post","link":"https:\/\/conscordoba.esteri.it\/es\/news\/dal_consolato\/2018\/02\/avviso-importante-ufficio-studi-2\/","title":{"rendered":"AVISO IMPORTANTE: Visas y Estudios. Cambios en los d\u00edas de atenci\u00f3n al p\u00fablico."},"content":{"rendered":"<p style=\"text-align: center;\"><span style=\"text-decoration: underline;\"><strong>\u00a1AVISO IMPORTANTE!<\/strong><\/span><\/p>\n<p style=\"text-align: center;\"><span style=\"text-decoration: underline;\"><strong>Oficina de Visas y T\u00edtulos de Estudio<\/strong><\/span><\/p>\n<p style=\"text-align: center;\"><span style=\"text-decoration: underline;\"><strong>Cambios en los horarios y los d\u00edas de atenci\u00f3n al p\u00fablico<\/strong><\/span><\/p>\n<p style=\"text-align: center;\"><img loading=\"lazy\" decoding=\"async\" src=\"resource\/img\/2018\/02\/farnsewrv0onlinbe.png\" alt=\"farnsewrv0onlinbe\" width=\"311\" height=\"128\" \/><\/p>\n<p style=\"text-align: justify;\">Se informa a los usuarios que a partir del 1\u00ba de marzo pr\u00f3ximo la Oficina de Visas y T\u00edtulos de Estudio recibir\u00e1 al p\u00fablico s\u00f3lamente los d\u00edas lunes y jueves sin necesidad de turno previo y a n\u00famero abierto desde kas 8:30 horas hasta las 12:00 horas.<\/p>\n<p style=\"text-align: justify;\">Se sugiere ponerse en contacto con la oficina a <a href=\"mailto:cordoba.studievisti@esteri.it\">cordoba.studievisti@esteri.it<\/a>\u00a0antes de presentarse en ventanilla.<\/p>\n<p style=\"text-align: justify;\">Es menester se\u00f1alar que se otorgar\u00e1 un \u00fanico n\u00famero por persona y que no se aceptar\u00e1n m\u00e1s de dos autorizaciones\/mandatos\/poderes por turno.<\/p>\n<p style=\"text-align: justify;\"><a href=\"http:\/\/www.consbuenosaires.esteri.it\/consolato_buenosaires\/es\/i_servizi\/per-chi-si-reca-in-italia\/\">Para m\u00e1s informaci\u00f3n sobre Visas haga clic aqu\u00ed.<\/a><\/p>\n<p style=\"text-align: justify;\"><a href=\"http:\/\/www.conscordoba.esteri.it\/consolato_cordoba\/it\/i_servizi\/per_i_cittadini\/studi\">Para m\u00e1s informaci\u00f3n sobre T\u00edtulos de Estudio haga clic aqu\u00ed.<\/a><\/p>\n<p style=\"text-align: justify;\">P\u00e1gina web oficinal del Ministerio de Relaciones Exteriores y Cooperaci\u00f3n Internacional Italiano: <a href=\"http:\/\/www.esteri.it\">www.esteri.it<\/a>.<\/p>\n<p style=\"text-align: justify;\">Sitio web Oficial del Ministerio en materia de Visas: <a href=\"http:\/\/www.vistoperitalia.esteri.it\">www.vistoperitalia.esteri.it<\/a>.<\/p>\n<p style=\"text-align: justify;\">Para sugerencias, dudas, consultas: <a href=\"mailto:cordoba.risponde@esteri.it\">cordoba.risponde@esteri.it<\/a>.\u00a0<img loading=\"lazy\" decoding=\"async\" style=\"float: right;\" src=\"resource\/img\/2018\/02\/297036_171059_1.jpg\" alt=\"297036 171059 1\" width=\"154\" height=\"106\" \/><\/p>\n<p>\u00a0<\/p>\n","protected":false},"excerpt":{"rendered":"\u00a1AVISO IMPORTANTE! Oficina de Visas y T\u00edtulos de Estudio Cambios en los horarios y los d\u00edas de atenci\u00f3n al p\u00fablico Se informa a los usuarios que a partir del 1\u00ba de marzo pr\u00f3ximo la Oficina de Visas y T\u00edtulos de Estudio recibir\u00e1 al p\u00fablico s\u00f3lamente los d\u00edas lunes y jueves sin necesidad de turno previo [&hellip;]","protected":false},"author":1,"featured_media":0,"comment_status":"","ping_status":"","sticky":false,"template":"","format":"standard","meta":{"footnotes":""},"tags":[],"class_list":["post-1481","post","type-post","status-publish","format-standard","hentry"],"_links":{"self":[{"href":"https:\/\/conscordoba.esteri.it\/es\/wp-json\/wp\/v2\/posts\/1481","targetHints":{"allow":["GET"]}}],"collection":[{"href":"https:\/\/conscordoba.esteri.it\/es\/wp-json\/wp\/v2\/posts"}],"about":[{"href":"https:\/\/conscordoba.esteri.it\/es\/wp-json\/wp\/v2\/types\/post"}],"author":[{"embeddable":true,"href":"https:\/\/conscordoba.esteri.it\/es\/wp-json\/wp\/v2\/users\/1"}],"replies":[{"embeddable":true,"href":"https:\/\/conscordoba.esteri.it\/es\/wp-json\/wp\/v2\/comments?post=1481"}],"version-history":[{"count":0,"href":"https:\/\/conscordoba.esteri.it\/es\/wp-json\/wp\/v2\/posts\/1481\/revisions"}],"wp:attachment":[{"href":"https:\/\/conscordoba.esteri.it\/es\/wp-json\/wp\/v2\/media?parent=1481"}],"wp:term":[{"taxonomy":"post_tag","embeddable":true,"href":"https:\/\/conscordoba.esteri.it\/es\/wp-json\/wp\/v2\/tags?post=1481"}],"curies":[{"name":"wp","href":"https:\/\/api.w.org\/{rel}","templated":true}]}}