{"id":1483,"date":"2018-02-09T13:55:39","date_gmt":"2018-02-09T12:55:39","guid":{"rendered":"https:\/\/conscordoba.esteri.it\/news\/dal_consolato\/2018\/02\/elezioni-politiche-2018-come-si-2\/"},"modified":"2018-02-09T13:55:39","modified_gmt":"2018-02-09T12:55:39","slug":"elezioni-politiche-2018-come-si-2","status":"publish","type":"post","link":"https:\/\/conscordoba.esteri.it\/es\/news\/dal_consolato\/2018\/02\/elezioni-politiche-2018-come-si-2\/","title":{"rendered":"Elecciones pol\u00edticas 2018: \u00bfC\u00f3mo se vota? Video Institucional"},"content":{"rendered":"<p style=\"text-align: center;\"><strong>Elecciones pol\u00edticas 2018 \u00bfC\u00f3mo se vota?<\/strong><\/p>\n<p style=\"text-align: center;\"><strong>Video Institucional del Ministerio de Relaciones Exteriores y Cooperaci\u00f3n Internacional (MAECI).<\/strong><\/p>\n<p style=\"text-align: center;\"><img loading=\"lazy\" decoding=\"async\" src=\"resource\/img\/2018\/02\/farnsewrv0onlinbe.png\" alt=\"farnsewrv0onlinbe\" width=\"241\" height=\"99\" \/><\/p>\n<p style=\"text-align: justify;\">Para m\u00e1s informaci\u00f3n: <a href=\"mailto:elettorale.cordoba@esteri.it\">elettorale.cordoba@esteri.it<\/a>.<\/p>\n<p>\u00bfEst\u00e1s inscripto al AIRE? Escribinos a <a href=\"mailto:anagrafe.cordoba@esteri.it\">anagrafe.cordoba@esteri.it<\/a>.<\/p>\n<p>Para sugerencias, dudas y consultas: <a href=\"mailto:cordoba.risponde@esteri.it\">cordoba.risponde@esteri.it<\/a>.<\/p>\n<p>Clic sull&#8217;immagine per accedere al canale YouTube del Ministero.<\/p>\n<p><a href=\"https:\/\/www.youtube.com\/watch?v=7PvDieSPiaw\"><img loading=\"lazy\" decoding=\"async\" src=\"resource\/img\/2018\/02\/youtubemaeci.png\" alt=\"youtubemaeci\" width=\"455\" height=\"387\" \/><\/a><\/p>\n","protected":false},"excerpt":{"rendered":"Elecciones pol\u00edticas 2018 \u00bfC\u00f3mo se vota? Video Institucional del Ministerio de Relaciones Exteriores y Cooperaci\u00f3n Internacional (MAECI). Para m\u00e1s informaci\u00f3n: elettorale.cordoba@esteri.it. \u00bfEst\u00e1s inscripto al AIRE? Escribinos a anagrafe.cordoba@esteri.it. Para sugerencias, dudas y consultas: cordoba.risponde@esteri.it. Clic sull&#8217;immagine per accedere al canale YouTube del Ministero.","protected":false},"author":1,"featured_media":0,"comment_status":"","ping_status":"","sticky":false,"template":"","format":"standard","meta":{"footnotes":""},"tags":[],"class_list":["post-1483","post","type-post","status-publish","format-standard","hentry"],"_links":{"self":[{"href":"https:\/\/conscordoba.esteri.it\/es\/wp-json\/wp\/v2\/posts\/1483","targetHints":{"allow":["GET"]}}],"collection":[{"href":"https:\/\/conscordoba.esteri.it\/es\/wp-json\/wp\/v2\/posts"}],"about":[{"href":"https:\/\/conscordoba.esteri.it\/es\/wp-json\/wp\/v2\/types\/post"}],"author":[{"embeddable":true,"href":"https:\/\/conscordoba.esteri.it\/es\/wp-json\/wp\/v2\/users\/1"}],"replies":[{"embeddable":true,"href":"https:\/\/conscordoba.esteri.it\/es\/wp-json\/wp\/v2\/comments?post=1483"}],"version-history":[{"count":0,"href":"https:\/\/conscordoba.esteri.it\/es\/wp-json\/wp\/v2\/posts\/1483\/revisions"}],"wp:attachment":[{"href":"https:\/\/conscordoba.esteri.it\/es\/wp-json\/wp\/v2\/media?parent=1483"}],"wp:term":[{"taxonomy":"post_tag","embeddable":true,"href":"https:\/\/conscordoba.esteri.it\/es\/wp-json\/wp\/v2\/tags?post=1483"}],"curies":[{"name":"wp","href":"https:\/\/api.w.org\/{rel}","templated":true}]}}