{"id":1493,"date":"2018-01-04T16:39:54","date_gmt":"2018-01-04T15:39:54","guid":{"rendered":"https:\/\/conscordoba.esteri.it\/news\/dal_consolato\/2018\/01\/elezioni-politiche-2018-tutte-le-2\/"},"modified":"2018-01-04T16:39:54","modified_gmt":"2018-01-04T15:39:54","slug":"elezioni-politiche-2018-tutte-le-2","status":"publish","type":"post","link":"https:\/\/conscordoba.esteri.it\/es\/news\/dal_consolato\/2018\/01\/elezioni-politiche-2018-tutte-le-2\/","title":{"rendered":"Elecciones pol\u00edticas 2018: Toda la informaci\u00f3n, comunicados y el calendario \u00a1aqu\u00ed!"},"content":{"rendered":"<p><span style=\"text-decoration: underline;\"><strong>Elecciones pol\u00edticas 2018: Toda la informaci\u00f3n, comunicados y el calendario \u00a1aqu\u00ed!<\/strong><\/span><\/p>\n<p>Aclaraci\u00f3n: Se ruega a los usuarios de enviar las solicitudes en materia electoral s\u00f3lo a la casilla elettorale.cordoba@esteri.it.<\/p>\n<ol>\n<li>8\/12\/2017:\u00a0<a href=\"http:\/\/www.conscordoba.esteri.it\/consolato_cordoba\/es\/la_comunicazione\/dal_consolato\/2017\/12\/voto-per-corrispondenza-dei-cittadini.html\">Voto por correspondencia de los ciudadanos italianos residentes en el exterior.<\/a><\/li>\n<li>3\/1\/2018:\u00a0<a href=\"http:\/\/www.conscordoba.esteri.it\/consolato_cordoba\/it\/la_comunicazione\/dal_consolato\/2018\/01\/elezioni-del-parlamento-italiano.html\">Elecciones pol\u00edticas 2018: Decreto de convocaci\u00f3n.<\/a><\/li>\n<li>4\/1\/2018:\u00a0<a href=\"http:\/\/www.conscordoba.esteri.it\/consolato_cordoba\/es\/la_comunicazione\/dal_consolato\/2018\/01\/elezioni-politiche-2018-elettori.html\">Elecciones pol\u00edticas 2018: Electores temporalmente en el exterior &#8211; Formulario de opci\u00f3n.<\/a><\/li>\n<li>10\/1\/2018:\u00a0<a href=\"http:\/\/www.conscordoba.esteri.it\/consolato_cordoba\/es\/la_comunicazione\/dal_consolato\/2018\/01\/elezioni-politiche-2018-istruzioni.html\">Instrucciones para la presentaci\u00f3n y admisi\u00f3n de las candidaturas.<\/a><\/li>\n<li>19\/1\/2018:\u00a0<a href=\"http:\/\/www.conscordoba.esteri.it\/consolato_cordoba\/es\/la_comunicazione\/dal_consolato\/2018\/01\/elezioni-politiche-2018-sottoscrizione.html\">Suscripci\u00f3n de las listas de candidatos.<\/a><\/li>\n<li>29\/1\/2018:\u00a0<a href=\"http:\/\/www.conscordoba.esteri.it\/consolato_cordoba\/es\/la_comunicazione\/dal_consolato\/2018\/01\/elezioni-politiche-2018-modalita.html\">Elecciones Pol\u00edticas 2018: Modalidad y plazos.<\/a><\/li>\n<li>09\/02\/2018: <a href=\"http:\/\/www.conscordoba.esteri.it\/consolato_cordoba\/es\/la_comunicazione\/dal_consolato\/2018\/02\/elezioni-politiche-2018-come-si.html\">Elecciones pol\u00edticas 2018: \u00bfC\u00f3mo se vota? Video Institucional.<\/a><\/li>\n<li>14\/02\/2018: <a href=\"http:\/\/www.conscordoba.esteri.it\/consolato_cordoba\/es\/la_comunicazione\/dal_consolato\/2018\/02\/svolgimento-elezioni-politiche.html\">Elecciones pol\u00edticas italianas en la Argentina.<\/a><\/li>\n<li>14\/02\/2018:\u00a0<a href=\"http:\/\/www.conscordoba.esteri.it\/consolato_cordoba\/es\/la_comunicazione\/dal_consolato\/2018\/02\/video-elezioni-politiche-2018-voto.html\">VIDEO: Elecciones pol\u00edticas 2018 &#8211; el voto de los italianos en el exterior.<\/a><\/li>\n<li>16\/02\/2018: <a href=\"http:\/\/www.conscordoba.esteri.it\/consolato_cordoba\/es\/la_comunicazione\/dal_consolato\/2018\/02\/svolgimento-elezioni-politiche_0.html\">ELECCIONES POL\u00cdTICAS ITALIANAS EN ARGENTINA.<\/a><\/li>\n<li>20\/02\/2018:\u00a0<a href=\"http:\/\/www.conscordoba.esteri.it\/consolato_cordoba\/es\/la_comunicazione\/dal_consolato\/2018\/02\/ufficio-elettorale-telefono-di.html\">Elecciones pol\u00edticas italianas 2018: Tel\u00e9fono de contacto.<\/a><\/li>\n<li>21\/02\/2018: <a href=\"http:\/\/www.conscordoba.esteri.it\/consolato_cordoba\/es\/la_comunicazione\/dal_consolato\/2018\/02\/chiusura-delle-operazioni-di-voto.html\">ELECCIONES POL\u00cdTICAS ITALIANAS EN ARGENTINA.<\/a><\/li>\n<li>26\/02\/2018: <a href=\"http:\/\/www.conscordoba.esteri.it\/consolato_cordoba\/es\/la_comunicazione\/dal_consolato\/2018\/02\/avviso-elezioni-2018.html\">Comunicado del Consulado.<\/a><\/li>\n<li>27\/02\/2018: <a href=\"http:\/\/www.conscordoba.esteri.it\/consolato_cordoba\/es\/la_comunicazione\/dal_consolato\/2018\/02\/avviso-svolgimento-elezioni-politiche.html\">AVISO ELECCIONES POLITICAS ITALIANAS EN LA ARGENTINA<\/a><\/li>\n<\/ol>\n<p><img loading=\"lazy\" decoding=\"async\" style=\"float: right;\" src=\"resource\/img\/2018\/01\/can0020.jpg\" alt=\"can0020\" width=\"84\" height=\"84\" \/><\/p>\n","protected":false},"excerpt":{"rendered":"Elecciones pol\u00edticas 2018: Toda la informaci\u00f3n, comunicados y el calendario \u00a1aqu\u00ed! Aclaraci\u00f3n: Se ruega a los usuarios de enviar las solicitudes en materia electoral s\u00f3lo a la casilla elettorale.cordoba@esteri.it. 8\/12\/2017:\u00a0Voto por correspondencia de los ciudadanos italianos residentes en el exterior. 3\/1\/2018:\u00a0Elecciones pol\u00edticas 2018: Decreto de convocaci\u00f3n. 4\/1\/2018:\u00a0Elecciones pol\u00edticas 2018: Electores temporalmente en el exterior &#8211; [&hellip;]","protected":false},"author":1,"featured_media":0,"comment_status":"","ping_status":"","sticky":false,"template":"","format":"standard","meta":{"footnotes":""},"tags":[],"class_list":["post-1493","post","type-post","status-publish","format-standard","hentry"],"_links":{"self":[{"href":"https:\/\/conscordoba.esteri.it\/es\/wp-json\/wp\/v2\/posts\/1493","targetHints":{"allow":["GET"]}}],"collection":[{"href":"https:\/\/conscordoba.esteri.it\/es\/wp-json\/wp\/v2\/posts"}],"about":[{"href":"https:\/\/conscordoba.esteri.it\/es\/wp-json\/wp\/v2\/types\/post"}],"author":[{"embeddable":true,"href":"https:\/\/conscordoba.esteri.it\/es\/wp-json\/wp\/v2\/users\/1"}],"replies":[{"embeddable":true,"href":"https:\/\/conscordoba.esteri.it\/es\/wp-json\/wp\/v2\/comments?post=1493"}],"version-history":[{"count":0,"href":"https:\/\/conscordoba.esteri.it\/es\/wp-json\/wp\/v2\/posts\/1493\/revisions"}],"wp:attachment":[{"href":"https:\/\/conscordoba.esteri.it\/es\/wp-json\/wp\/v2\/media?parent=1493"}],"wp:term":[{"taxonomy":"post_tag","embeddable":true,"href":"https:\/\/conscordoba.esteri.it\/es\/wp-json\/wp\/v2\/tags?post=1493"}],"curies":[{"name":"wp","href":"https:\/\/api.w.org\/{rel}","templated":true}]}}