{"id":1501,"date":"2017-12-21T15:34:43","date_gmt":"2017-12-21T14:34:43","guid":{"rendered":"https:\/\/conscordoba.esteri.it\/news\/dal_consolato\/2017\/12\/comunicato-stampa-nuova-mail-di-2\/"},"modified":"2017-12-21T15:34:43","modified_gmt":"2017-12-21T14:34:43","slug":"comunicato-stampa-nuova-mail-di-2","status":"publish","type":"post","link":"https:\/\/conscordoba.esteri.it\/es\/news\/dal_consolato\/2017\/12\/comunicato-stampa-nuova-mail-di-2\/","title":{"rendered":"Comunicado de prensa: Nuevo correo electr\u00f3nico para Visas y Estudios"},"content":{"rendered":"<p style=\"text-align: center;\"><span style=\"text-decoration: underline;\"><strong>Comunicado de prensa<\/strong><\/span><\/p>\n<p style=\"text-align: center;\"><span style=\"text-decoration: underline;\"><strong>Nuevo correo electr\u00f3nico para Visas y Estudios<\/strong><\/span><\/p>\n<p style=\"text-align: justify;\">Dada la unificaci\u00f3n de las Oficinas Visas y Estudios, de ahora en m\u00e1s todas las solicitudes de informaci\u00f3n deber\u00e1n remitirse a la nueva casilla <a href=\"mailto:cordoba.studievisti@esteri.it\">cordoba.studievisti@esteri.it<\/a>.<\/p>\n<p style=\"text-align: justify;\">Cabe destacar que la casilla <a href=\"mailto:cordoba.studi@esteri.it\">cordoba.studi@esteri.it<\/a> ha sido dada de baja.<\/p>\n<p style=\"text-align: justify;\">Los d\u00edas y horarios de atenci\u00f3n al p\u00fablico no han sido modificados.<\/p>\n<p><img loading=\"lazy\" decoding=\"async\" style=\"float: right;\" src=\"resource\/img\/2017\/10\/laureadiplomadisegnolettera.jpg\" alt=\"laureadiplomadisegnolettera\" width=\"259\" height=\"259\" \/><\/p>\n","protected":false},"excerpt":{"rendered":"Comunicado de prensa Nuevo correo electr\u00f3nico para Visas y Estudios Dada la unificaci\u00f3n de las Oficinas Visas y Estudios, de ahora en m\u00e1s todas las solicitudes de informaci\u00f3n deber\u00e1n remitirse a la nueva casilla cordoba.studievisti@esteri.it. Cabe destacar que la casilla cordoba.studi@esteri.it ha sido dada de baja. Los d\u00edas y horarios de atenci\u00f3n al p\u00fablico no [&hellip;]","protected":false},"author":1,"featured_media":0,"comment_status":"","ping_status":"","sticky":false,"template":"","format":"standard","meta":{"footnotes":""},"tags":[],"class_list":["post-1501","post","type-post","status-publish","format-standard","hentry"],"_links":{"self":[{"href":"https:\/\/conscordoba.esteri.it\/es\/wp-json\/wp\/v2\/posts\/1501","targetHints":{"allow":["GET"]}}],"collection":[{"href":"https:\/\/conscordoba.esteri.it\/es\/wp-json\/wp\/v2\/posts"}],"about":[{"href":"https:\/\/conscordoba.esteri.it\/es\/wp-json\/wp\/v2\/types\/post"}],"author":[{"embeddable":true,"href":"https:\/\/conscordoba.esteri.it\/es\/wp-json\/wp\/v2\/users\/1"}],"replies":[{"embeddable":true,"href":"https:\/\/conscordoba.esteri.it\/es\/wp-json\/wp\/v2\/comments?post=1501"}],"version-history":[{"count":0,"href":"https:\/\/conscordoba.esteri.it\/es\/wp-json\/wp\/v2\/posts\/1501\/revisions"}],"wp:attachment":[{"href":"https:\/\/conscordoba.esteri.it\/es\/wp-json\/wp\/v2\/media?parent=1501"}],"wp:term":[{"taxonomy":"post_tag","embeddable":true,"href":"https:\/\/conscordoba.esteri.it\/es\/wp-json\/wp\/v2\/tags?post=1501"}],"curies":[{"name":"wp","href":"https:\/\/api.w.org\/{rel}","templated":true}]}}