{"id":1503,"date":"2017-12-18T18:51:25","date_gmt":"2017-12-18T17:51:25","guid":{"rendered":"https:\/\/conscordoba.esteri.it\/news\/dal_consolato\/2017\/12\/chiusura-per-ferie-del-vice-consolato-2\/"},"modified":"2017-12-18T18:51:25","modified_gmt":"2017-12-18T17:51:25","slug":"chiusura-per-ferie-del-vice-consolato-2","status":"publish","type":"post","link":"https:\/\/conscordoba.esteri.it\/es\/news\/dal_consolato\/2017\/12\/chiusura-per-ferie-del-vice-consolato-2\/","title":{"rendered":"Cierre por vacaciones del Viceconsulado Honorario de Santiago del Estero"},"content":{"rendered":"<p style=\"text-align: center;\"><span style=\"text-decoration: underline;\"><strong>Cierre por vacaciones del Viceconsulado Honorario de Santiago del Estero<\/strong><\/span><\/p>\n<p><img loading=\"lazy\" decoding=\"async\" src=\"resource\/img\/2017\/12\/1200px-santiago_del_estero_in_argentina_falkland_hatched.svg.png\" alt=\"1200px santiago del estero in argentina falkland hatched.svg\" style=\"display: block; margin-left: auto; margin-right: auto;\" width=\"95\" height=\"78\" \/><\/p>\n<p>Se informa a los usuarios que el Viceconsulado Honorario de Italia en Santiago del Estero permanecer\u00e1 cerrado desde el d\u00eda 25 del corriente hasta el d\u00eda 20 de enero de 2018.<\/p>\n<p>Para ponerse en contacto con las distintas Oficinas de las Sede: <a href=\"http:\/\/www.conscordoba.esteri.it\/Consolato_Cordoba\/es\/la_comunicazione\/dal_consolato\/gli-uffici_0.html\">haga clic aqu\u00ed.<\/a><\/p>\n<p>\u00a0<\/p>\n","protected":false},"excerpt":{"rendered":"Cierre por vacaciones del Viceconsulado Honorario de Santiago del Estero Se informa a los usuarios que el Viceconsulado Honorario de Italia en Santiago del Estero permanecer\u00e1 cerrado desde el d\u00eda 25 del corriente hasta el d\u00eda 20 de enero de 2018. Para ponerse en contacto con las distintas Oficinas de las Sede: haga clic aqu\u00ed. [&hellip;]","protected":false},"author":1,"featured_media":0,"comment_status":"","ping_status":"","sticky":false,"template":"","format":"standard","meta":{"footnotes":""},"tags":[],"class_list":["post-1503","post","type-post","status-publish","format-standard","hentry"],"_links":{"self":[{"href":"https:\/\/conscordoba.esteri.it\/es\/wp-json\/wp\/v2\/posts\/1503","targetHints":{"allow":["GET"]}}],"collection":[{"href":"https:\/\/conscordoba.esteri.it\/es\/wp-json\/wp\/v2\/posts"}],"about":[{"href":"https:\/\/conscordoba.esteri.it\/es\/wp-json\/wp\/v2\/types\/post"}],"author":[{"embeddable":true,"href":"https:\/\/conscordoba.esteri.it\/es\/wp-json\/wp\/v2\/users\/1"}],"replies":[{"embeddable":true,"href":"https:\/\/conscordoba.esteri.it\/es\/wp-json\/wp\/v2\/comments?post=1503"}],"version-history":[{"count":0,"href":"https:\/\/conscordoba.esteri.it\/es\/wp-json\/wp\/v2\/posts\/1503\/revisions"}],"wp:attachment":[{"href":"https:\/\/conscordoba.esteri.it\/es\/wp-json\/wp\/v2\/media?parent=1503"}],"wp:term":[{"taxonomy":"post_tag","embeddable":true,"href":"https:\/\/conscordoba.esteri.it\/es\/wp-json\/wp\/v2\/tags?post=1503"}],"curies":[{"name":"wp","href":"https:\/\/api.w.org\/{rel}","templated":true}]}}