{"id":1523,"date":"2017-10-17T15:50:04","date_gmt":"2017-10-17T13:50:04","guid":{"rendered":"https:\/\/conscordoba.esteri.it\/news\/dal_consolato\/2017\/10\/25-ottobre-2017-presentazione-ufficiale-2\/"},"modified":"2017-10-17T15:50:04","modified_gmt":"2017-10-17T13:50:04","slug":"25-ottobre-2017-presentazione-ufficiale-2","status":"publish","type":"post","link":"https:\/\/conscordoba.esteri.it\/es\/news\/dal_consolato\/2017\/10\/25-ottobre-2017-presentazione-ufficiale-2\/","title":{"rendered":"25 de octubre de 2017 &#8211; Presentaci\u00f3n oficial de la Tercera Edici\u00f3n del Festival de la M\u00fasica Italiana de La Plata"},"content":{"rendered":"<table style=\"height: 25px; width: 750px;\">\n<tbody>\n<tr>\n<td style=\"text-align: center;\">\n<p><span style=\"text-decoration: underline;\"><strong>25 de octubre de 2017<\/strong><\/span><\/p>\n<p><span style=\"text-decoration: underline;\"><strong>Festival de la M\u00fasica Italiana de La Plata<\/strong><\/span><\/p>\n<p><span style=\"text-decoration: underline;\"><strong>Tercera Edici\u00f3n<\/strong><\/span><\/p>\n<\/td>\n<\/tr>\n<\/tbody>\n<\/table>\n<p style=\"text-align: justify;\">Se informa que el d\u00eda 25 de octubre a las 12:00 horas en el Sal\u00f3n Blanco del Palacio Municipal (calle 12 entre 51 y 53) se realizar\u00e1 la presentaci\u00f3n oficial de la tercera edici\u00f3n del Festival de la M\u00fasica Italiana de La Plata.<\/p>\n<p style=\"text-align: justify;\">El evento contar\u00e1 con la participaci\u00f3n del Coordinador del CPTCIA, Nicol\u00e1s Moretti, del Intendente de La Plata, Julio Garro, del C\u00f3nsul General de Italia en La Plata, Iacopo Foti y dem\u00e1s autoridades municipales y provinciales.<\/p>\n<p style=\"text-align: justify;\">El Festival, cuya final se realizar\u00e1 en el prestigioso Teatro Municipal \u201cColiseo Podest\u00e1\u201d el pr\u00f3ximo 25 de noviembre, tiene como objetivo valorizar la m\u00fasica y la canci\u00f3n italiana y descubrir nuevos talentos musicales en una ciudad que, desde su fundaci\u00f3n, se caracteriz\u00f3 por una fuerte inmigraci\u00f3n italiana que todav\u00eda hoy es protagonista de la vida social, cultural y econ\u00f3mica de la ciudad.<\/p>\n<p style=\"text-align: justify;\">Dicho evento busca generar un verdadero puente cultural y musical entre Italia y Argentina fomentando el turismo y promoviendo a la ciudad capital de la Provincia de Buenos Aires en el \u00e1mbito regional, nacional e internacional. Una ciudad que, a trav\u00e9s de la Ley Provincial 14.833\/2006, ha sido declarada \u201cCapital del Inmigrante Italiano\u201d y que cuenta con una historia de emigraci\u00f3n y con un patrimonio cultural \u00fanicos.<\/p>\n<p style=\"text-align: justify;\">La organizaci\u00f3n del Festival cuenta con el apoyo de la Municipalidad de La Plata y del Consulado General de Italia en La Plata y con el patrocinio de numerosas e importantes instituciones entre las cuales la Embajada de Italia en Argentina, la Embajada Argentina en Roma y la Asociaci\u00f3n Dante Alighieri de La Plata.<\/p>\n<p style=\"text-align: justify;\">Para mayor informaci\u00f3n: <a href=\"http:\/\/www.festivaldelamusicaitaliana.com\">www.festivaldelamusicaitaliana.com<\/a>.<\/p>\n<p style=\"text-align: justify;\">Bravi!<\/p>\n","protected":false},"excerpt":{"rendered":"25 de octubre de 2017 Festival de la M\u00fasica Italiana de La Plata Tercera Edici\u00f3n Se informa que el d\u00eda 25 de octubre a las 12:00 horas en el Sal\u00f3n Blanco del Palacio Municipal (calle 12 entre 51 y 53) se realizar\u00e1 la presentaci\u00f3n oficial de la tercera edici\u00f3n del Festival de la M\u00fasica Italiana [&hellip;]","protected":false},"author":1,"featured_media":0,"comment_status":"","ping_status":"","sticky":false,"template":"","format":"standard","meta":{"footnotes":""},"tags":[],"class_list":["post-1523","post","type-post","status-publish","format-standard","hentry"],"_links":{"self":[{"href":"https:\/\/conscordoba.esteri.it\/es\/wp-json\/wp\/v2\/posts\/1523","targetHints":{"allow":["GET"]}}],"collection":[{"href":"https:\/\/conscordoba.esteri.it\/es\/wp-json\/wp\/v2\/posts"}],"about":[{"href":"https:\/\/conscordoba.esteri.it\/es\/wp-json\/wp\/v2\/types\/post"}],"author":[{"embeddable":true,"href":"https:\/\/conscordoba.esteri.it\/es\/wp-json\/wp\/v2\/users\/1"}],"replies":[{"embeddable":true,"href":"https:\/\/conscordoba.esteri.it\/es\/wp-json\/wp\/v2\/comments?post=1523"}],"version-history":[{"count":0,"href":"https:\/\/conscordoba.esteri.it\/es\/wp-json\/wp\/v2\/posts\/1523\/revisions"}],"wp:attachment":[{"href":"https:\/\/conscordoba.esteri.it\/es\/wp-json\/wp\/v2\/media?parent=1523"}],"wp:term":[{"taxonomy":"post_tag","embeddable":true,"href":"https:\/\/conscordoba.esteri.it\/es\/wp-json\/wp\/v2\/tags?post=1523"}],"curies":[{"name":"wp","href":"https:\/\/api.w.org\/{rel}","templated":true}]}}