{"id":1562,"date":"2017-04-20T19:36:14","date_gmt":"2017-04-20T17:36:14","guid":{"rendered":"https:\/\/conscordoba.esteri.it\/news\/dal_consolato\/2017\/04\/chiusura-della-sede-il-25-aprile-2\/"},"modified":"2017-04-20T19:36:14","modified_gmt":"2017-04-20T17:36:14","slug":"chiusura-della-sede-il-25-aprile-2","status":"publish","type":"post","link":"https:\/\/conscordoba.esteri.it\/es\/news\/dal_consolato\/2017\/04\/chiusura-della-sede-il-25-aprile-2\/","title":{"rendered":"25 de abril: Fiesta de la Liberaci\u00f3n &#8211; El Consulado permanecer\u00e1 cerrado"},"content":{"rendered":"<p>Se informa que el d\u00eda martes 25 de abril el Consulado General permanecer\u00e1 cerrado por conmemorarse el Aniversario de la Liberaci\u00f3n de Italia.<\/p>\n","protected":false},"excerpt":{"rendered":"Se informa que el d\u00eda martes 25 de abril el Consulado General permanecer\u00e1 cerrado por conmemorarse el Aniversario de la Liberaci\u00f3n de Italia.","protected":false},"author":1,"featured_media":0,"comment_status":"","ping_status":"","sticky":false,"template":"","format":"standard","meta":{"footnotes":""},"tags":[],"class_list":["post-1562","post","type-post","status-publish","format-standard","hentry"],"_links":{"self":[{"href":"https:\/\/conscordoba.esteri.it\/es\/wp-json\/wp\/v2\/posts\/1562","targetHints":{"allow":["GET"]}}],"collection":[{"href":"https:\/\/conscordoba.esteri.it\/es\/wp-json\/wp\/v2\/posts"}],"about":[{"href":"https:\/\/conscordoba.esteri.it\/es\/wp-json\/wp\/v2\/types\/post"}],"author":[{"embeddable":true,"href":"https:\/\/conscordoba.esteri.it\/es\/wp-json\/wp\/v2\/users\/1"}],"replies":[{"embeddable":true,"href":"https:\/\/conscordoba.esteri.it\/es\/wp-json\/wp\/v2\/comments?post=1562"}],"version-history":[{"count":0,"href":"https:\/\/conscordoba.esteri.it\/es\/wp-json\/wp\/v2\/posts\/1562\/revisions"}],"wp:attachment":[{"href":"https:\/\/conscordoba.esteri.it\/es\/wp-json\/wp\/v2\/media?parent=1562"}],"wp:term":[{"taxonomy":"post_tag","embeddable":true,"href":"https:\/\/conscordoba.esteri.it\/es\/wp-json\/wp\/v2\/tags?post=1562"}],"curies":[{"name":"wp","href":"https:\/\/api.w.org\/{rel}","templated":true}]}}