{"id":1564,"date":"2017-04-13T14:28:08","date_gmt":"2017-04-13T12:28:08","guid":{"rendered":"https:\/\/conscordoba.esteri.it\/news\/dal_consolato\/2017\/04\/chiusura-del-consolato-generale-2\/"},"modified":"2017-04-13T14:28:08","modified_gmt":"2017-04-13T12:28:08","slug":"chiusura-del-consolato-generale-2","status":"publish","type":"post","link":"https:\/\/conscordoba.esteri.it\/es\/news\/dal_consolato\/2017\/04\/chiusura-del-consolato-generale-2\/","title":{"rendered":"El Consulado General de Italia en C\u00f3rdoba permanecer\u00e1 cerrado los d\u00edas 14 y 17 de abril de 2017."},"content":{"rendered":"<p>Se comunica, como previsto en el calendario de festividades del 2017, que el Consulado General de Italia en C\u00f3rdoba permanecer\u00e1 cerrado los d\u00edas 14 y 17 de abril de 2017.<\/p>\n","protected":false},"excerpt":{"rendered":"Se comunica, como previsto en el calendario de festividades del 2017, que el Consulado General de Italia en C\u00f3rdoba permanecer\u00e1 cerrado los d\u00edas 14 y 17 de abril de 2017.","protected":false},"author":1,"featured_media":0,"comment_status":"","ping_status":"","sticky":false,"template":"","format":"standard","meta":{"footnotes":""},"tags":[],"class_list":["post-1564","post","type-post","status-publish","format-standard","hentry"],"_links":{"self":[{"href":"https:\/\/conscordoba.esteri.it\/es\/wp-json\/wp\/v2\/posts\/1564","targetHints":{"allow":["GET"]}}],"collection":[{"href":"https:\/\/conscordoba.esteri.it\/es\/wp-json\/wp\/v2\/posts"}],"about":[{"href":"https:\/\/conscordoba.esteri.it\/es\/wp-json\/wp\/v2\/types\/post"}],"author":[{"embeddable":true,"href":"https:\/\/conscordoba.esteri.it\/es\/wp-json\/wp\/v2\/users\/1"}],"replies":[{"embeddable":true,"href":"https:\/\/conscordoba.esteri.it\/es\/wp-json\/wp\/v2\/comments?post=1564"}],"version-history":[{"count":0,"href":"https:\/\/conscordoba.esteri.it\/es\/wp-json\/wp\/v2\/posts\/1564\/revisions"}],"wp:attachment":[{"href":"https:\/\/conscordoba.esteri.it\/es\/wp-json\/wp\/v2\/media?parent=1564"}],"wp:term":[{"taxonomy":"post_tag","embeddable":true,"href":"https:\/\/conscordoba.esteri.it\/es\/wp-json\/wp\/v2\/tags?post=1564"}],"curies":[{"name":"wp","href":"https:\/\/api.w.org\/{rel}","templated":true}]}}