{"id":1581,"date":"2017-03-03T19:06:37","date_gmt":"2017-03-03T18:06:37","guid":{"rendered":"https:\/\/conscordoba.esteri.it\/news\/dal_consolato\/2017\/03\/conferenza-internazionale-a-cura-2\/"},"modified":"2017-03-03T19:06:37","modified_gmt":"2017-03-03T18:06:37","slug":"conferenza-internazionale-a-cura-2","status":"publish","type":"post","link":"https:\/\/conscordoba.esteri.it\/es\/news\/dal_consolato\/2017\/03\/conferenza-internazionale-a-cura-2\/","title":{"rendered":"Conferencia Internacional de la Dra. Lina Caraceni en Buenos Aires"},"content":{"rendered":"<p>Martes 21 de marzo de 2017 a las 18.30 hs. en el Sal\u00f3n Verde, Facultad de Derecho (UBA).<\/p>\n<p>Conferencia internacional a cargo de la Dra. Lina Caraceni:<\/p>\n<p style=\"text-align: justify;\">La disertante es abogada, Investigadora en procedimiento penal, profesora adjunta de derecho penitenciario y ejecuci\u00f3n penal de menores en el departamento de Leyes. Colabor\u00f3 con un proyecto internacional de investigaci\u00f3n financiada por la Comisi\u00f3n europea titulado Protecting young suspects in interrogations: a study on safeguards and best practice. Es autora de numerosos ensayos y art\u00edculos en revistas de importancia nacional. Sus trabajos cient\u00edficos abordan temas como la libertad personal, el derecho a ser o\u00eddo del menor, la ejecuci\u00f3n de la pena privativa de la libertad, el derecho a la informaci\u00f3n y al conocimiento en el derecho procesal.<\/p>\n<p>Organiza:<\/p>\n<p>Carrera de Traductor P\u00fablico.<\/p>\n<p>Inscripci\u00f3n: hasta el lunes 20 de marzo de a 2017 a trav\u00e9s de mail: <a href=\"mailto:traducto@derecho.uba.ar\">traducto@derecho.uba.ar<\/a>.<\/p>\n<p><img loading=\"lazy\" decoding=\"async\" src=\"resource\/img\/2017\/03\/unnamed.png\" alt=\"unnamed\" height=\"1017\" width=\"720\" \/><\/p>\n","protected":false},"excerpt":{"rendered":"Martes 21 de marzo de 2017 a las 18.30 hs. en el Sal\u00f3n Verde, Facultad de Derecho (UBA). Conferencia internacional a cargo de la Dra. Lina Caraceni: La disertante es abogada, Investigadora en procedimiento penal, profesora adjunta de derecho penitenciario y ejecuci\u00f3n penal de menores en el departamento de Leyes. Colabor\u00f3 con un proyecto internacional [&hellip;]","protected":false},"author":1,"featured_media":0,"comment_status":"","ping_status":"","sticky":false,"template":"","format":"standard","meta":{"footnotes":""},"tags":[],"class_list":["post-1581","post","type-post","status-publish","format-standard","hentry"],"_links":{"self":[{"href":"https:\/\/conscordoba.esteri.it\/es\/wp-json\/wp\/v2\/posts\/1581","targetHints":{"allow":["GET"]}}],"collection":[{"href":"https:\/\/conscordoba.esteri.it\/es\/wp-json\/wp\/v2\/posts"}],"about":[{"href":"https:\/\/conscordoba.esteri.it\/es\/wp-json\/wp\/v2\/types\/post"}],"author":[{"embeddable":true,"href":"https:\/\/conscordoba.esteri.it\/es\/wp-json\/wp\/v2\/users\/1"}],"replies":[{"embeddable":true,"href":"https:\/\/conscordoba.esteri.it\/es\/wp-json\/wp\/v2\/comments?post=1581"}],"version-history":[{"count":0,"href":"https:\/\/conscordoba.esteri.it\/es\/wp-json\/wp\/v2\/posts\/1581\/revisions"}],"wp:attachment":[{"href":"https:\/\/conscordoba.esteri.it\/es\/wp-json\/wp\/v2\/media?parent=1581"}],"wp:term":[{"taxonomy":"post_tag","embeddable":true,"href":"https:\/\/conscordoba.esteri.it\/es\/wp-json\/wp\/v2\/tags?post=1581"}],"curies":[{"name":"wp","href":"https:\/\/api.w.org\/{rel}","templated":true}]}}