{"id":1615,"date":"2016-09-19T14:37:53","date_gmt":"2016-09-19T12:37:53","guid":{"rendered":"https:\/\/conscordoba.esteri.it\/news\/dal_consolato\/2016\/09\/l-ultimo-saluto-al-presidente-ciampi-2\/"},"modified":"2016-09-19T14:37:53","modified_gmt":"2016-09-19T12:37:53","slug":"l-ultimo-saluto-al-presidente-ciampi-2","status":"publish","type":"post","link":"https:\/\/conscordoba.esteri.it\/es\/news\/dal_consolato\/2016\/09\/l-ultimo-saluto-al-presidente-ciampi-2\/","title":{"rendered":"El \u00faltimo adi\u00f3s al Presidente Ciampi"},"content":{"rendered":"<p><span style=\"text-decoration: underline;\"><strong>El \u00faltimo adi\u00f3s al Presidente Ciampi<\/strong><\/span><\/p>\n<p>En simult\u00e1neo con los funerales del Senador Carlo Azeglio Ciampi, Presidente Em\u00e9rito della Rep\u00fablica, se encuentra a disposici\u00f3n de los usuarios un libro de condolencias durante toda la jornada del d\u00eda de hoy, lunes 19 de setiembre.<\/p>\n<p>Gracias y saludos cordiales.<img loading=\"lazy\" decoding=\"async\" src=\"resource\/img\/2016\/09\/120246798-f2950f0e-4f22-4833-bd73-ae32b787610f.jpg\" alt=\"120246798 f2950f0e 4f22 4833 bd73 ae32b787610f\" width=\"713\" height=\"291\" \/><\/p>\n","protected":false},"excerpt":{"rendered":"El \u00faltimo adi\u00f3s al Presidente Ciampi En simult\u00e1neo con los funerales del Senador Carlo Azeglio Ciampi, Presidente Em\u00e9rito della Rep\u00fablica, se encuentra a disposici\u00f3n de los usuarios un libro de condolencias durante toda la jornada del d\u00eda de hoy, lunes 19 de setiembre. Gracias y saludos cordiales.","protected":false},"author":1,"featured_media":0,"comment_status":"","ping_status":"","sticky":false,"template":"","format":"standard","meta":{"footnotes":""},"tags":[],"class_list":["post-1615","post","type-post","status-publish","format-standard","hentry"],"_links":{"self":[{"href":"https:\/\/conscordoba.esteri.it\/es\/wp-json\/wp\/v2\/posts\/1615","targetHints":{"allow":["GET"]}}],"collection":[{"href":"https:\/\/conscordoba.esteri.it\/es\/wp-json\/wp\/v2\/posts"}],"about":[{"href":"https:\/\/conscordoba.esteri.it\/es\/wp-json\/wp\/v2\/types\/post"}],"author":[{"embeddable":true,"href":"https:\/\/conscordoba.esteri.it\/es\/wp-json\/wp\/v2\/users\/1"}],"replies":[{"embeddable":true,"href":"https:\/\/conscordoba.esteri.it\/es\/wp-json\/wp\/v2\/comments?post=1615"}],"version-history":[{"count":0,"href":"https:\/\/conscordoba.esteri.it\/es\/wp-json\/wp\/v2\/posts\/1615\/revisions"}],"wp:attachment":[{"href":"https:\/\/conscordoba.esteri.it\/es\/wp-json\/wp\/v2\/media?parent=1615"}],"wp:term":[{"taxonomy":"post_tag","embeddable":true,"href":"https:\/\/conscordoba.esteri.it\/es\/wp-json\/wp\/v2\/tags?post=1615"}],"curies":[{"name":"wp","href":"https:\/\/api.w.org\/{rel}","templated":true}]}}