{"id":1623,"date":"2016-08-29T18:46:53","date_gmt":"2016-08-29T16:46:53","guid":{"rendered":"https:\/\/conscordoba.esteri.it\/news\/dal_consolato\/2016\/08\/carmina-burana-concerto-a-san-francisco-2\/"},"modified":"2016-08-29T18:46:53","modified_gmt":"2016-08-29T16:46:53","slug":"carmina-burana-concerto-a-san-francisco-2","status":"publish","type":"post","link":"https:\/\/conscordoba.esteri.it\/es\/news\/dal_consolato\/2016\/08\/carmina-burana-concerto-a-san-francisco-2\/","title":{"rendered":"C\u00e1rmina Burana: Concierto en San Francisco"},"content":{"rendered":"<p>Concierto Solidario: CARMINA BURANA.<br \/>\u00danica presentaci\u00f3n en San Francisco. M\u00e1s de 200 artistas en escena entre coros, ballet, banda y solistas. Anticipadas en la Sociedad Italiana de San Francisco. Av. Libertador (N) 99 de 10 a 13 Hs. Tel 03564 428763.<\/p>\n<p><img loading=\"lazy\" decoding=\"async\" alt=\"carmina burana\" src=\"resource\/img\/2016\/08\/carmina_burana.jpg\" width=\"604\" height=\"426\" \/><\/p>\n","protected":false},"excerpt":{"rendered":"Concierto Solidario: CARMINA BURANA.\u00danica presentaci\u00f3n en San Francisco. M\u00e1s de 200 artistas en escena entre coros, ballet, banda y solistas. Anticipadas en la Sociedad Italiana de San Francisco. Av. Libertador (N) 99 de 10 a 13 Hs. Tel 03564 428763.","protected":false},"author":1,"featured_media":0,"comment_status":"","ping_status":"","sticky":false,"template":"","format":"standard","meta":{"footnotes":""},"tags":[],"class_list":["post-1623","post","type-post","status-publish","format-standard","hentry"],"_links":{"self":[{"href":"https:\/\/conscordoba.esteri.it\/es\/wp-json\/wp\/v2\/posts\/1623","targetHints":{"allow":["GET"]}}],"collection":[{"href":"https:\/\/conscordoba.esteri.it\/es\/wp-json\/wp\/v2\/posts"}],"about":[{"href":"https:\/\/conscordoba.esteri.it\/es\/wp-json\/wp\/v2\/types\/post"}],"author":[{"embeddable":true,"href":"https:\/\/conscordoba.esteri.it\/es\/wp-json\/wp\/v2\/users\/1"}],"replies":[{"embeddable":true,"href":"https:\/\/conscordoba.esteri.it\/es\/wp-json\/wp\/v2\/comments?post=1623"}],"version-history":[{"count":0,"href":"https:\/\/conscordoba.esteri.it\/es\/wp-json\/wp\/v2\/posts\/1623\/revisions"}],"wp:attachment":[{"href":"https:\/\/conscordoba.esteri.it\/es\/wp-json\/wp\/v2\/media?parent=1623"}],"wp:term":[{"taxonomy":"post_tag","embeddable":true,"href":"https:\/\/conscordoba.esteri.it\/es\/wp-json\/wp\/v2\/tags?post=1623"}],"curies":[{"name":"wp","href":"https:\/\/api.w.org\/{rel}","templated":true}]}}