{"id":1634,"date":"2016-08-08T18:19:05","date_gmt":"2016-08-08T16:19:05","guid":{"rendered":"https:\/\/conscordoba.esteri.it\/news\/dal_consolato\/2016\/08\/festivo-argentino-del-12-agosto-2\/"},"modified":"2016-08-08T18:19:05","modified_gmt":"2016-08-08T16:19:05","slug":"festivo-argentino-del-12-agosto-2","status":"publish","type":"post","link":"https:\/\/conscordoba.esteri.it\/es\/news\/dal_consolato\/2016\/08\/festivo-argentino-del-12-agosto-2\/","title":{"rendered":"Feriado argentino del 15 de agosto: EL CONSULADO ESTAR\u00c1 ABIERTO"},"content":{"rendered":"<p><span style=\"text-decoration: underline;\"><strong>Apertura al p\u00fablico durante el feriado argentino del 15 de agosto.<\/strong><\/span><\/p>\n<p>Se informa a los usuarios que el lunes 15 del corriente este Consulado General PERMANECER\u00c1 ABIERTO.<\/p>\n<p>Por lo tanto, todos los turnos preestablecidos son V\u00c1LIDOS y no podr\u00e1n bajo ning\u00fan punto de vista ser reprogramados.<\/p>\n<p>Gracias, la Sede.<\/p>\n<p><img decoding=\"async\" src=\"resource\/img\/2016\/08\/san-martn.jpg\" alt=\"san martn\" \/><\/p>\n","protected":false},"excerpt":{"rendered":"Apertura al p\u00fablico durante el feriado argentino del 15 de agosto. Se informa a los usuarios que el lunes 15 del corriente este Consulado General PERMANECER\u00c1 ABIERTO. Por lo tanto, todos los turnos preestablecidos son V\u00c1LIDOS y no podr\u00e1n bajo ning\u00fan punto de vista ser reprogramados. Gracias, la Sede.","protected":false},"author":1,"featured_media":0,"comment_status":"","ping_status":"","sticky":false,"template":"","format":"standard","meta":{"footnotes":""},"tags":[],"class_list":["post-1634","post","type-post","status-publish","format-standard","hentry"],"_links":{"self":[{"href":"https:\/\/conscordoba.esteri.it\/es\/wp-json\/wp\/v2\/posts\/1634","targetHints":{"allow":["GET"]}}],"collection":[{"href":"https:\/\/conscordoba.esteri.it\/es\/wp-json\/wp\/v2\/posts"}],"about":[{"href":"https:\/\/conscordoba.esteri.it\/es\/wp-json\/wp\/v2\/types\/post"}],"author":[{"embeddable":true,"href":"https:\/\/conscordoba.esteri.it\/es\/wp-json\/wp\/v2\/users\/1"}],"replies":[{"embeddable":true,"href":"https:\/\/conscordoba.esteri.it\/es\/wp-json\/wp\/v2\/comments?post=1634"}],"version-history":[{"count":0,"href":"https:\/\/conscordoba.esteri.it\/es\/wp-json\/wp\/v2\/posts\/1634\/revisions"}],"wp:attachment":[{"href":"https:\/\/conscordoba.esteri.it\/es\/wp-json\/wp\/v2\/media?parent=1634"}],"wp:term":[{"taxonomy":"post_tag","embeddable":true,"href":"https:\/\/conscordoba.esteri.it\/es\/wp-json\/wp\/v2\/tags?post=1634"}],"curies":[{"name":"wp","href":"https:\/\/api.w.org\/{rel}","templated":true}]}}