{"id":1652,"date":"2016-07-18T17:24:29","date_gmt":"2016-07-18T15:24:29","guid":{"rendered":"https:\/\/conscordoba.esteri.it\/news\/dal_consolato\/2016\/07\/corso-il-linguaggio-del-fisco-presso-2\/"},"modified":"2016-07-18T17:24:29","modified_gmt":"2016-07-18T15:24:29","slug":"corso-il-linguaggio-del-fisco-presso-2","status":"publish","type":"post","link":"https:\/\/conscordoba.esteri.it\/es\/news\/dal_consolato\/2016\/07\/corso-il-linguaggio-del-fisco-presso-2\/","title":{"rendered":"Curso \u00abIl linguaggio del FISCO\u00bb"},"content":{"rendered":"<p>Difundimos a pedido de los organizadores:<br \/>Curso \u00abIL LINGUAGGIO DEL FISCO\u00bb. Organizado por la Comisi\u00f3n de Italiano del Colegio de Traductores P\u00fablicos de la Ciudad de Buenos Airesraductores P\u00fablicos de la Ciudad de Buenos Aires.<\/p>\n<p><img decoding=\"async\" src=\"resource\/img\/2016\/07\/fisco.jpg\" alt=\"fisco\" \/><\/p>\n","protected":false},"excerpt":{"rendered":"Difundimos a pedido de los organizadores:Curso \u00abIL LINGUAGGIO DEL FISCO\u00bb. Organizado por la Comisi\u00f3n de Italiano del Colegio de Traductores P\u00fablicos de la Ciudad de Buenos Airesraductores P\u00fablicos de la Ciudad de Buenos Aires.","protected":false},"author":1,"featured_media":0,"comment_status":"","ping_status":"","sticky":false,"template":"","format":"standard","meta":{"footnotes":""},"tags":[],"class_list":["post-1652","post","type-post","status-publish","format-standard","hentry"],"_links":{"self":[{"href":"https:\/\/conscordoba.esteri.it\/es\/wp-json\/wp\/v2\/posts\/1652","targetHints":{"allow":["GET"]}}],"collection":[{"href":"https:\/\/conscordoba.esteri.it\/es\/wp-json\/wp\/v2\/posts"}],"about":[{"href":"https:\/\/conscordoba.esteri.it\/es\/wp-json\/wp\/v2\/types\/post"}],"author":[{"embeddable":true,"href":"https:\/\/conscordoba.esteri.it\/es\/wp-json\/wp\/v2\/users\/1"}],"replies":[{"embeddable":true,"href":"https:\/\/conscordoba.esteri.it\/es\/wp-json\/wp\/v2\/comments?post=1652"}],"version-history":[{"count":0,"href":"https:\/\/conscordoba.esteri.it\/es\/wp-json\/wp\/v2\/posts\/1652\/revisions"}],"wp:attachment":[{"href":"https:\/\/conscordoba.esteri.it\/es\/wp-json\/wp\/v2\/media?parent=1652"}],"wp:term":[{"taxonomy":"post_tag","embeddable":true,"href":"https:\/\/conscordoba.esteri.it\/es\/wp-json\/wp\/v2\/tags?post=1652"}],"curies":[{"name":"wp","href":"https:\/\/api.w.org\/{rel}","templated":true}]}}