{"id":1656,"date":"2016-07-07T16:51:53","date_gmt":"2016-07-07T14:51:53","guid":{"rendered":"https:\/\/conscordoba.esteri.it\/news\/dal_consolato\/2016\/07\/8-luglio-2016-questo-consolato-2\/"},"modified":"2016-07-07T16:51:53","modified_gmt":"2016-07-07T14:51:53","slug":"8-luglio-2016-questo-consolato-2","status":"publish","type":"post","link":"https:\/\/conscordoba.esteri.it\/es\/news\/dal_consolato\/2016\/07\/8-luglio-2016-questo-consolato-2\/","title":{"rendered":"8 luglio 2016: Este Consulado General permanecer\u00e1 ABIERTO"},"content":{"rendered":"<p>Se informa a los usuarios que el d\u00eda viernes 8 de julio de 2016 este Consulado General ESTAR\u00c1 ABIERTO Y RECIBIR\u00c1 AL P\u00daBLICO COMO NORMALMENTE LO HACE.<\/p>\n<p>Por medio de la presente, saludamos tambi\u00e9n a la Rep\u00fablica Argentina y a todos los argentinos en ocasi\u00f3n del Bicentenario de la Declaraci\u00f3n de Independencia del pa\u00eds.<\/p>\n<p>Gracias, la Sede.<\/p>\n<p><img decoding=\"async\" src=\"resource\/img\/2016\/07\/4c35f025c8056-1.jpg\" alt=\"4c35f025c8056 1\" \/><\/p>\n<p>\u00a0<\/p>\n","protected":false},"excerpt":{"rendered":"Se informa a los usuarios que el d\u00eda viernes 8 de julio de 2016 este Consulado General ESTAR\u00c1 ABIERTO Y RECIBIR\u00c1 AL P\u00daBLICO COMO NORMALMENTE LO HACE. Por medio de la presente, saludamos tambi\u00e9n a la Rep\u00fablica Argentina y a todos los argentinos en ocasi\u00f3n del Bicentenario de la Declaraci\u00f3n de Independencia del pa\u00eds. Gracias, [&hellip;]","protected":false},"author":1,"featured_media":0,"comment_status":"","ping_status":"","sticky":false,"template":"","format":"standard","meta":{"footnotes":""},"tags":[],"class_list":["post-1656","post","type-post","status-publish","format-standard","hentry"],"_links":{"self":[{"href":"https:\/\/conscordoba.esteri.it\/es\/wp-json\/wp\/v2\/posts\/1656","targetHints":{"allow":["GET"]}}],"collection":[{"href":"https:\/\/conscordoba.esteri.it\/es\/wp-json\/wp\/v2\/posts"}],"about":[{"href":"https:\/\/conscordoba.esteri.it\/es\/wp-json\/wp\/v2\/types\/post"}],"author":[{"embeddable":true,"href":"https:\/\/conscordoba.esteri.it\/es\/wp-json\/wp\/v2\/users\/1"}],"replies":[{"embeddable":true,"href":"https:\/\/conscordoba.esteri.it\/es\/wp-json\/wp\/v2\/comments?post=1656"}],"version-history":[{"count":0,"href":"https:\/\/conscordoba.esteri.it\/es\/wp-json\/wp\/v2\/posts\/1656\/revisions"}],"wp:attachment":[{"href":"https:\/\/conscordoba.esteri.it\/es\/wp-json\/wp\/v2\/media?parent=1656"}],"wp:term":[{"taxonomy":"post_tag","embeddable":true,"href":"https:\/\/conscordoba.esteri.it\/es\/wp-json\/wp\/v2\/tags?post=1656"}],"curies":[{"name":"wp","href":"https:\/\/api.w.org\/{rel}","templated":true}]}}