{"id":1668,"date":"2016-06-14T14:23:21","date_gmt":"2016-06-14T12:23:21","guid":{"rendered":"https:\/\/conscordoba.esteri.it\/news\/dal_consolato\/2016\/06\/apertura-al-pubblico-durante-le-2\/"},"modified":"2016-06-14T14:23:21","modified_gmt":"2016-06-14T12:23:21","slug":"apertura-al-pubblico-durante-le-2","status":"publish","type":"post","link":"https:\/\/conscordoba.esteri.it\/es\/news\/dal_consolato\/2016\/06\/apertura-al-pubblico-durante-le-2\/","title":{"rendered":"Apertura al p\u00fablico durante los feriados argentinos del 17 y 20 de junio y 8 de julio"},"content":{"rendered":"<p><span style=\"text-decoration: underline;\"><strong>Apertura al p\u00fablico durante los feriados argentinos del viernes 17 y el lunes 20 de junio, as\u00ed como el viernes 8 de julio.<\/strong><\/span><\/p>\n<p>Se comunica que el viernes 17 y el lunes 20 de junio acomo as\u00ed tambi\u00e9n el viernes 8 de julio, el Consulado General permanecer\u00e1 abierto al p\u00fablico. Por lo tanto todos los turnos fijados en los d\u00edas mencionados siguen siendo v\u00e1lidos, y no podr\u00e1n de ninguna manera ser reprogramados para otros d\u00edas<\/p>\n<p>\u00a0<\/p>\n<p>Para ver el calendario de feriados de la sede, <a href=\"http:\/\/www.conscordoba.esteri.it\/Consolato_Cordoba\/es\/la_comunicazione\/dal_consolato\/festivita-2016.html\">haz click aqu\u00ed<\/a>. \u00a1GRACIAS!<\/p>\n<p><img decoding=\"async\" alt=\"canaleyoutube\" src=\"resource\/img\/2016\/06\/canaleyoutube.png\" \/><\/p>\n","protected":false},"excerpt":{"rendered":"Apertura al p\u00fablico durante los feriados argentinos del viernes 17 y el lunes 20 de junio, as\u00ed como el viernes 8 de julio. Se comunica que el viernes 17 y el lunes 20 de junio acomo as\u00ed tambi\u00e9n el viernes 8 de julio, el Consulado General permanecer\u00e1 abierto al p\u00fablico. Por lo tanto todos los [&hellip;]","protected":false},"author":1,"featured_media":0,"comment_status":"","ping_status":"","sticky":false,"template":"","format":"standard","meta":{"footnotes":""},"tags":[],"class_list":["post-1668","post","type-post","status-publish","format-standard","hentry"],"_links":{"self":[{"href":"https:\/\/conscordoba.esteri.it\/es\/wp-json\/wp\/v2\/posts\/1668","targetHints":{"allow":["GET"]}}],"collection":[{"href":"https:\/\/conscordoba.esteri.it\/es\/wp-json\/wp\/v2\/posts"}],"about":[{"href":"https:\/\/conscordoba.esteri.it\/es\/wp-json\/wp\/v2\/types\/post"}],"author":[{"embeddable":true,"href":"https:\/\/conscordoba.esteri.it\/es\/wp-json\/wp\/v2\/users\/1"}],"replies":[{"embeddable":true,"href":"https:\/\/conscordoba.esteri.it\/es\/wp-json\/wp\/v2\/comments?post=1668"}],"version-history":[{"count":0,"href":"https:\/\/conscordoba.esteri.it\/es\/wp-json\/wp\/v2\/posts\/1668\/revisions"}],"wp:attachment":[{"href":"https:\/\/conscordoba.esteri.it\/es\/wp-json\/wp\/v2\/media?parent=1668"}],"wp:term":[{"taxonomy":"post_tag","embeddable":true,"href":"https:\/\/conscordoba.esteri.it\/es\/wp-json\/wp\/v2\/tags?post=1668"}],"curies":[{"name":"wp","href":"https:\/\/api.w.org\/{rel}","templated":true}]}}