{"id":1674,"date":"2016-06-07T16:58:06","date_gmt":"2016-06-07T14:58:06","guid":{"rendered":"https:\/\/conscordoba.esteri.it\/news\/dal_consolato\/2016\/06\/corso-d-italiano-specifico-architettura-2\/"},"modified":"2016-06-07T16:58:06","modified_gmt":"2016-06-07T14:58:06","slug":"corso-d-italiano-specifico-architettura-2","status":"publish","type":"post","link":"https:\/\/conscordoba.esteri.it\/es\/news\/dal_consolato\/2016\/06\/corso-d-italiano-specifico-architettura-2\/","title":{"rendered":"Curso de Italiano Espec\u00edfico: Arquitectura, Urbanismo y Dise\u00f1o."},"content":{"rendered":"<p><span style=\"text-decoration: underline;\"><strong>Curso de Italiano Espec\u00edfico para profesionales de la Arquitectura y el Dise\u00f1o.<\/strong><\/span><\/p>\n<p>Para m\u00e1s informaci\u00f3n, por favor contactar a nuestro Instituto Italiano de Cultura.<\/p>\n<p><img decoding=\"async\" src=\"resource\/img\/2016\/06\/ita_arch.jpg\" alt=\"ita arch\" \/><\/p>\n","protected":false},"excerpt":{"rendered":"Curso de Italiano Espec\u00edfico para profesionales de la Arquitectura y el Dise\u00f1o. Para m\u00e1s informaci\u00f3n, por favor contactar a nuestro Instituto Italiano de Cultura.","protected":false},"author":1,"featured_media":0,"comment_status":"","ping_status":"","sticky":false,"template":"","format":"standard","meta":{"footnotes":""},"tags":[],"class_list":["post-1674","post","type-post","status-publish","format-standard","hentry"],"_links":{"self":[{"href":"https:\/\/conscordoba.esteri.it\/es\/wp-json\/wp\/v2\/posts\/1674","targetHints":{"allow":["GET"]}}],"collection":[{"href":"https:\/\/conscordoba.esteri.it\/es\/wp-json\/wp\/v2\/posts"}],"about":[{"href":"https:\/\/conscordoba.esteri.it\/es\/wp-json\/wp\/v2\/types\/post"}],"author":[{"embeddable":true,"href":"https:\/\/conscordoba.esteri.it\/es\/wp-json\/wp\/v2\/users\/1"}],"replies":[{"embeddable":true,"href":"https:\/\/conscordoba.esteri.it\/es\/wp-json\/wp\/v2\/comments?post=1674"}],"version-history":[{"count":0,"href":"https:\/\/conscordoba.esteri.it\/es\/wp-json\/wp\/v2\/posts\/1674\/revisions"}],"wp:attachment":[{"href":"https:\/\/conscordoba.esteri.it\/es\/wp-json\/wp\/v2\/media?parent=1674"}],"wp:term":[{"taxonomy":"post_tag","embeddable":true,"href":"https:\/\/conscordoba.esteri.it\/es\/wp-json\/wp\/v2\/tags?post=1674"}],"curies":[{"name":"wp","href":"https:\/\/api.w.org\/{rel}","templated":true}]}}