{"id":1678,"date":"2016-06-03T17:13:20","date_gmt":"2016-06-03T15:13:20","guid":{"rendered":"https:\/\/conscordoba.esteri.it\/news\/dal_consolato\/2016\/06\/concerto-dell-orchestra-sinfonica-2\/"},"modified":"2016-06-03T17:13:20","modified_gmt":"2016-06-03T15:13:20","slug":"concerto-dell-orchestra-sinfonica-2","status":"publish","type":"post","link":"https:\/\/conscordoba.esteri.it\/es\/news\/dal_consolato\/2016\/06\/concerto-dell-orchestra-sinfonica-2\/","title":{"rendered":"Concierto de la Orquesta Sinf\u00f3nica de C\u00f3rdoba"},"content":{"rendered":"<p><span style=\"text-decoration: underline;\">Concierto de la Orquesta Sinf\u00f3nica de C\u00f3rdoba en ocasi\u00f3n de los 70 a\u00f1os de la Rep\u00fablica de Italia.<\/span><\/p>\n<p>Videos y m\u00e1s fotograf\u00edas disponibles en nuestro canal de Youtube y p\u00e1ginas oficiales de Facebook y Linkedin.<\/p>\n<p>Gracias a todos por habernos acompa\u00f1ado en el d\u00eda de nuestra Fiesta Patria.<\/p>\n<p><img decoding=\"async\" src=\"resource\/img\/2016\/06\/13332774_594587730721508_7725889573796999022_n.jpg\" alt=\"13332774 594587730721508 7725889573796999022 n\" \/><\/p>\n<p><img decoding=\"async\" src=\"resource\/img\/2016\/06\/13346464_594586250721656_2346814473875293052_n.jpg\" alt=\"13346464 594586250721656 2346814473875293052 n\" \/><\/p>\n<p><img decoding=\"async\" src=\"resource\/img\/2016\/06\/13394044_594586417388306_1653705836010133368_n.jpg\" alt=\"13394044 594586417388306 1653705836010133368 n\" \/><\/p>\n<p><img decoding=\"async\" src=\"resource\/img\/2016\/06\/13339476_1557587151211623_2175686368030180761_n.jpg\" alt=\"13339476 1557587151211623 2175686368030180761 n\" \/><\/p>\n<p><img decoding=\"async\" src=\"resource\/img\/2016\/06\/13320014_1557587174544954_1819788116740904142_n.jpg\" alt=\"13320014 1557587174544954 1819788116740904142 n\" \/><\/p>\n<p>\u00a0<\/p>\n","protected":false},"excerpt":{"rendered":"Concierto de la Orquesta Sinf\u00f3nica de C\u00f3rdoba en ocasi\u00f3n de los 70 a\u00f1os de la Rep\u00fablica de Italia. Videos y m\u00e1s fotograf\u00edas disponibles en nuestro canal de Youtube y p\u00e1ginas oficiales de Facebook y Linkedin. Gracias a todos por habernos acompa\u00f1ado en el d\u00eda de nuestra Fiesta Patria. \u00a0","protected":false},"author":1,"featured_media":0,"comment_status":"","ping_status":"","sticky":false,"template":"","format":"standard","meta":{"footnotes":""},"tags":[],"class_list":["post-1678","post","type-post","status-publish","format-standard","hentry"],"_links":{"self":[{"href":"https:\/\/conscordoba.esteri.it\/es\/wp-json\/wp\/v2\/posts\/1678","targetHints":{"allow":["GET"]}}],"collection":[{"href":"https:\/\/conscordoba.esteri.it\/es\/wp-json\/wp\/v2\/posts"}],"about":[{"href":"https:\/\/conscordoba.esteri.it\/es\/wp-json\/wp\/v2\/types\/post"}],"author":[{"embeddable":true,"href":"https:\/\/conscordoba.esteri.it\/es\/wp-json\/wp\/v2\/users\/1"}],"replies":[{"embeddable":true,"href":"https:\/\/conscordoba.esteri.it\/es\/wp-json\/wp\/v2\/comments?post=1678"}],"version-history":[{"count":0,"href":"https:\/\/conscordoba.esteri.it\/es\/wp-json\/wp\/v2\/posts\/1678\/revisions"}],"wp:attachment":[{"href":"https:\/\/conscordoba.esteri.it\/es\/wp-json\/wp\/v2\/media?parent=1678"}],"wp:term":[{"taxonomy":"post_tag","embeddable":true,"href":"https:\/\/conscordoba.esteri.it\/es\/wp-json\/wp\/v2\/tags?post=1678"}],"curies":[{"name":"wp","href":"https:\/\/api.w.org\/{rel}","templated":true}]}}