{"id":1680,"date":"2016-06-03T17:00:20","date_gmt":"2016-06-03T15:00:20","guid":{"rendered":"https:\/\/conscordoba.esteri.it\/news\/dal_consolato\/2016\/06\/anniversario-della-repubblica-italiana-2\/"},"modified":"2016-06-03T17:00:20","modified_gmt":"2016-06-03T15:00:20","slug":"anniversario-della-repubblica-italiana-2","status":"publish","type":"post","link":"https:\/\/conscordoba.esteri.it\/es\/news\/dal_consolato\/2016\/06\/anniversario-della-repubblica-italiana-2\/","title":{"rendered":"Aniversario de la Rep\u00fablica de Italia 2016 &#8211; GALER\u00cdA DE FOTOS"},"content":{"rendered":"<p>Algunas im\u00e1genes de los festejos en ocasi\u00f3n de los 70 a\u00f1os de la Rep\u00fablica de Italia.<\/p>\n<p>M\u00e1s fotos y videos a disposici\u00f3n de los usuarios en nuestro canal de Youtube y portales de Linkedin y Facebook.<\/p>\n<p>\u00a1Gracias a todos los que nos acompa\u00f1aron!<\/p>\n<p><img decoding=\"async\" alt=\"sin ttulo\" src=\"resource\/img\/2016\/06\/sin_ttulo.png\" \/><\/p>\n<p><img decoding=\"async\" alt=\"13310406 1557545041215834 3184611809926191818 n\" src=\"resource\/img\/2016\/06\/13310406_1557545041215834_3184611809926191818_n.jpg\" \/><\/p>\n<p><img decoding=\"async\" alt=\"13315814 1557545214549150 3830956998033420218 n\" src=\"resource\/img\/2016\/06\/13315814_1557545214549150_3830956998033420218_n.jpg\" \/><\/p>\n<p><img decoding=\"async\" alt=\"13325461 1557545091215829 1728938537374732566 n\" src=\"resource\/img\/2016\/06\/13325461_1557545091215829_1728938537374732566_n.jpg\" \/><\/p>\n<p><img decoding=\"async\" alt=\"13335807 1557545047882500 8789653498159516208 n\" src=\"resource\/img\/2016\/06\/13335807_1557545047882500_8789653498159516208_n.jpg\" \/><\/p>\n<p><img decoding=\"async\" alt=\"13339584 1557502901220048 4067207835556231666 n\" src=\"resource\/img\/2016\/06\/13339584_1557502901220048_4067207835556231666_n.jpg\" \/><\/p>\n<p><img decoding=\"async\" alt=\"13342917 1557503087886696 8345484043717282196 n\" src=\"resource\/img\/2016\/06\/13342917_1557503087886696_8345484043717282196_n.jpg\" \/><\/p>\n<p><img decoding=\"async\" alt=\"13343093 1557503017886703 7190734848828123690 n\" src=\"resource\/img\/2016\/06\/13343093_1557503017886703_7190734848828123690_n.jpg\" \/><\/p>\n<p>\u00a0<\/p>\n","protected":false},"excerpt":{"rendered":"Algunas im\u00e1genes de los festejos en ocasi\u00f3n de los 70 a\u00f1os de la Rep\u00fablica de Italia. M\u00e1s fotos y videos a disposici\u00f3n de los usuarios en nuestro canal de Youtube y portales de Linkedin y Facebook. \u00a1Gracias a todos los que nos acompa\u00f1aron! \u00a0","protected":false},"author":1,"featured_media":0,"comment_status":"","ping_status":"","sticky":false,"template":"","format":"standard","meta":{"footnotes":""},"tags":[],"class_list":["post-1680","post","type-post","status-publish","format-standard","hentry"],"_links":{"self":[{"href":"https:\/\/conscordoba.esteri.it\/es\/wp-json\/wp\/v2\/posts\/1680","targetHints":{"allow":["GET"]}}],"collection":[{"href":"https:\/\/conscordoba.esteri.it\/es\/wp-json\/wp\/v2\/posts"}],"about":[{"href":"https:\/\/conscordoba.esteri.it\/es\/wp-json\/wp\/v2\/types\/post"}],"author":[{"embeddable":true,"href":"https:\/\/conscordoba.esteri.it\/es\/wp-json\/wp\/v2\/users\/1"}],"replies":[{"embeddable":true,"href":"https:\/\/conscordoba.esteri.it\/es\/wp-json\/wp\/v2\/comments?post=1680"}],"version-history":[{"count":0,"href":"https:\/\/conscordoba.esteri.it\/es\/wp-json\/wp\/v2\/posts\/1680\/revisions"}],"wp:attachment":[{"href":"https:\/\/conscordoba.esteri.it\/es\/wp-json\/wp\/v2\/media?parent=1680"}],"wp:term":[{"taxonomy":"post_tag","embeddable":true,"href":"https:\/\/conscordoba.esteri.it\/es\/wp-json\/wp\/v2\/tags?post=1680"}],"curies":[{"name":"wp","href":"https:\/\/api.w.org\/{rel}","templated":true}]}}