{"id":1682,"date":"2016-05-31T15:50:35","date_gmt":"2016-05-31T13:50:35","guid":{"rendered":"https:\/\/conscordoba.esteri.it\/news\/dal_consolato\/2016\/05\/galleria-fotografica-festa-della-2\/"},"modified":"2016-05-31T15:50:35","modified_gmt":"2016-05-31T13:50:35","slug":"galleria-fotografica-festa-della-2","status":"publish","type":"post","link":"https:\/\/conscordoba.esteri.it\/es\/news\/dal_consolato\/2016\/05\/galleria-fotografica-festa-della-2\/","title":{"rendered":"GALER\u00cdA FOTOGR\u00c1FICA FIESTA DE LA REP\u00daBLICA 2015"},"content":{"rendered":"<p>Algunas fotograf\u00edas de los festejos del 2 de junio del a\u00f1o 2015. \u00a1Los esperamos en la plaza y en el teatro para festejar los 70 a\u00f1os de nuestra rep\u00fablica!<\/p>\n<p>Entradas disponibles en el Instituto Italiano de Cultura.<\/p>\n<p>\u00a1Los esperamos!<\/p>\n<p><img decoding=\"async\" src=\"resource\/img\/2016\/05\/p1180491.jpg\" alt=\"p1180491\" \/><\/p>\n<p><img decoding=\"async\" src=\"resource\/img\/2016\/05\/p1180475.jpg\" alt=\"p1180475\" \/><\/p>\n<p><img decoding=\"async\" src=\"resource\/img\/2016\/05\/p1050120.jpg\" alt=\"p1050120\" \/><\/p>\n<p><img decoding=\"async\" src=\"resource\/img\/2016\/05\/dsc_0716.jpg\" alt=\"dsc 0716\" \/><\/p>\n<p><img decoding=\"async\" src=\"resource\/img\/2016\/05\/dsc_0090.jpg\" alt=\"dsc 0090\" \/><\/p>\n","protected":false},"excerpt":{"rendered":"Algunas fotograf\u00edas de los festejos del 2 de junio del a\u00f1o 2015. \u00a1Los esperamos en la plaza y en el teatro para festejar los 70 a\u00f1os de nuestra rep\u00fablica! Entradas disponibles en el Instituto Italiano de Cultura. \u00a1Los esperamos!","protected":false},"author":1,"featured_media":0,"comment_status":"","ping_status":"","sticky":false,"template":"","format":"standard","meta":{"footnotes":""},"tags":[],"class_list":["post-1682","post","type-post","status-publish","format-standard","hentry"],"_links":{"self":[{"href":"https:\/\/conscordoba.esteri.it\/es\/wp-json\/wp\/v2\/posts\/1682","targetHints":{"allow":["GET"]}}],"collection":[{"href":"https:\/\/conscordoba.esteri.it\/es\/wp-json\/wp\/v2\/posts"}],"about":[{"href":"https:\/\/conscordoba.esteri.it\/es\/wp-json\/wp\/v2\/types\/post"}],"author":[{"embeddable":true,"href":"https:\/\/conscordoba.esteri.it\/es\/wp-json\/wp\/v2\/users\/1"}],"replies":[{"embeddable":true,"href":"https:\/\/conscordoba.esteri.it\/es\/wp-json\/wp\/v2\/comments?post=1682"}],"version-history":[{"count":0,"href":"https:\/\/conscordoba.esteri.it\/es\/wp-json\/wp\/v2\/posts\/1682\/revisions"}],"wp:attachment":[{"href":"https:\/\/conscordoba.esteri.it\/es\/wp-json\/wp\/v2\/media?parent=1682"}],"wp:term":[{"taxonomy":"post_tag","embeddable":true,"href":"https:\/\/conscordoba.esteri.it\/es\/wp-json\/wp\/v2\/tags?post=1682"}],"curies":[{"name":"wp","href":"https:\/\/api.w.org\/{rel}","templated":true}]}}