{"id":1688,"date":"2016-05-26T15:43:06","date_gmt":"2016-05-26T13:43:06","guid":{"rendered":"https:\/\/conscordoba.esteri.it\/news\/dal_consolato\/2016\/05\/il-consolato-generale-adesso-anche-2\/"},"modified":"2016-05-26T15:43:06","modified_gmt":"2016-05-26T13:43:06","slug":"il-consolato-generale-adesso-anche-2","status":"publish","type":"post","link":"https:\/\/conscordoba.esteri.it\/es\/news\/dal_consolato\/2016\/05\/il-consolato-generale-adesso-anche-2\/","title":{"rendered":"\u00a1El Consulado General tambi\u00e9n en You Tube!"},"content":{"rendered":"<p>CANAL OFICIAL DEL CONSULADO GENERAL DE ITALIA EN C\u00d3RDOBA.<\/p>\n<p>El Consulado General decidi\u00f3 abrir un canal de Youtube para la transmisi\u00f3n de nuestros eventos en ocasi\u00f3n de la Conmemoraci\u00f3n del 70\u00b0 Aniversario de la Rep\u00fablica Italiana el pr\u00f3ximo 2 de junio. \u00a1Miren los videos de los festejos de nuestra Fiesta Patria!<\/p>\n<p>\u00a0<\/p>\n<p><a href=\"https:\/\/www.youtube.com\/channel\/UCwOcXOPmqBcv0iGQxzk_ujw\">El canal de Youtube del Consulado General<\/a><\/p>\n","protected":false},"excerpt":{"rendered":"CANAL OFICIAL DEL CONSULADO GENERAL DE ITALIA EN C\u00d3RDOBA. El Consulado General decidi\u00f3 abrir un canal de Youtube para la transmisi\u00f3n de nuestros eventos en ocasi\u00f3n de la Conmemoraci\u00f3n del 70\u00b0 Aniversario de la Rep\u00fablica Italiana el pr\u00f3ximo 2 de junio. \u00a1Miren los videos de los festejos de nuestra Fiesta Patria! \u00a0 El canal de [&hellip;]","protected":false},"author":1,"featured_media":0,"comment_status":"","ping_status":"","sticky":false,"template":"","format":"standard","meta":{"footnotes":""},"tags":[],"class_list":["post-1688","post","type-post","status-publish","format-standard","hentry"],"_links":{"self":[{"href":"https:\/\/conscordoba.esteri.it\/es\/wp-json\/wp\/v2\/posts\/1688","targetHints":{"allow":["GET"]}}],"collection":[{"href":"https:\/\/conscordoba.esteri.it\/es\/wp-json\/wp\/v2\/posts"}],"about":[{"href":"https:\/\/conscordoba.esteri.it\/es\/wp-json\/wp\/v2\/types\/post"}],"author":[{"embeddable":true,"href":"https:\/\/conscordoba.esteri.it\/es\/wp-json\/wp\/v2\/users\/1"}],"replies":[{"embeddable":true,"href":"https:\/\/conscordoba.esteri.it\/es\/wp-json\/wp\/v2\/comments?post=1688"}],"version-history":[{"count":0,"href":"https:\/\/conscordoba.esteri.it\/es\/wp-json\/wp\/v2\/posts\/1688\/revisions"}],"wp:attachment":[{"href":"https:\/\/conscordoba.esteri.it\/es\/wp-json\/wp\/v2\/media?parent=1688"}],"wp:term":[{"taxonomy":"post_tag","embeddable":true,"href":"https:\/\/conscordoba.esteri.it\/es\/wp-json\/wp\/v2\/tags?post=1688"}],"curies":[{"name":"wp","href":"https:\/\/api.w.org\/{rel}","templated":true}]}}