{"id":1690,"date":"2016-05-23T21:21:57","date_gmt":"2016-05-23T19:21:57","guid":{"rendered":"https:\/\/conscordoba.esteri.it\/news\/dal_consolato\/2016\/05\/ciclo-di-cinema-italiano-a-villa-2\/"},"modified":"2016-05-23T21:21:57","modified_gmt":"2016-05-23T19:21:57","slug":"ciclo-di-cinema-italiano-a-villa-2","status":"publish","type":"post","link":"https:\/\/conscordoba.esteri.it\/es\/news\/dal_consolato\/2016\/05\/ciclo-di-cinema-italiano-a-villa-2\/","title":{"rendered":"Ciclo de Cine Italiano de Villa Mar\u00eda"},"content":{"rendered":"<p>Ciclo \u00abEl cine italiano en las comunidades italo-argentinas\u00bb.<\/p>\n<p>Todo el mes de junio 2016, en Villa Mar\u00eda, se proyectar\u00e1 un Ciclo de Cine italiano.<\/p>\n<p>Todos los mi\u00e9rcoles de junio, 20:30 horas, en el Auditorio de la Medioteca y la Biblioteca Municipal de Villa Mar\u00eda.<\/p>\n<p>\u00a0<\/p>\n<p>01\/06: Se fosse in te<\/p>\n<p>08\/06: Se devo essere sincera<\/p>\n<p>15\/06: La febbre<\/p>\n<p>22\/06: Notte prima degli esami<\/p>\n<p>29\/06: Operazione San Gennaro<\/p>\n<p>\u00a0<\/p>\n<p>\u00a1No se lo pierdan!<\/p>\n<p>Para m\u00e1s informaci\u00f3n: contactar al <a href=\"http:\/\/www.iiccordoba.esteri.it\/IIC_Cordoba\">Instituto Italiano de Cultura <\/a>de nuestra ciudad.<\/p>\n","protected":false},"excerpt":{"rendered":"Ciclo \u00abEl cine italiano en las comunidades italo-argentinas\u00bb. Todo el mes de junio 2016, en Villa Mar\u00eda, se proyectar\u00e1 un Ciclo de Cine italiano. Todos los mi\u00e9rcoles de junio, 20:30 horas, en el Auditorio de la Medioteca y la Biblioteca Municipal de Villa Mar\u00eda. \u00a0 01\/06: Se fosse in te 08\/06: Se devo essere sincera [&hellip;]","protected":false},"author":1,"featured_media":0,"comment_status":"","ping_status":"","sticky":false,"template":"","format":"standard","meta":{"footnotes":""},"tags":[],"class_list":["post-1690","post","type-post","status-publish","format-standard","hentry"],"_links":{"self":[{"href":"https:\/\/conscordoba.esteri.it\/es\/wp-json\/wp\/v2\/posts\/1690","targetHints":{"allow":["GET"]}}],"collection":[{"href":"https:\/\/conscordoba.esteri.it\/es\/wp-json\/wp\/v2\/posts"}],"about":[{"href":"https:\/\/conscordoba.esteri.it\/es\/wp-json\/wp\/v2\/types\/post"}],"author":[{"embeddable":true,"href":"https:\/\/conscordoba.esteri.it\/es\/wp-json\/wp\/v2\/users\/1"}],"replies":[{"embeddable":true,"href":"https:\/\/conscordoba.esteri.it\/es\/wp-json\/wp\/v2\/comments?post=1690"}],"version-history":[{"count":0,"href":"https:\/\/conscordoba.esteri.it\/es\/wp-json\/wp\/v2\/posts\/1690\/revisions"}],"wp:attachment":[{"href":"https:\/\/conscordoba.esteri.it\/es\/wp-json\/wp\/v2\/media?parent=1690"}],"wp:term":[{"taxonomy":"post_tag","embeddable":true,"href":"https:\/\/conscordoba.esteri.it\/es\/wp-json\/wp\/v2\/tags?post=1690"}],"curies":[{"name":"wp","href":"https:\/\/api.w.org\/{rel}","templated":true}]}}