{"id":1692,"date":"2016-05-19T17:12:57","date_gmt":"2016-05-19T15:12:57","guid":{"rendered":"https:\/\/conscordoba.esteri.it\/news\/dal_consolato\/2016\/05\/70-anniversario-della-repubblica-2\/"},"modified":"2016-05-19T17:12:57","modified_gmt":"2016-05-19T15:12:57","slug":"70-anniversario-della-repubblica-2","status":"publish","type":"post","link":"https:\/\/conscordoba.esteri.it\/es\/news\/dal_consolato\/2016\/05\/70-anniversario-della-repubblica-2\/","title":{"rendered":"70\u00b0 ANIVERSARIO DE LA REP\u00daBLICA ITALIANA"},"content":{"rendered":"<p><span style=\"text-decoration: underline;\"><strong>2 DE JUNIO &#8211; \u00a1FIESTA DE LA REP\u00daBLICA!<\/strong><\/span><\/p>\n<p>El pr\u00f3ximo 2 de junio se celebrar\u00e1 el 70\u00b0 Aniversario de la Rep\u00fablica Italiana. Invitamos al p\u00fablico en general a participar de la Ceremonia Oficial que se llevar\u00e1 a cabo el 2 de junio a las 12 horas en la Plaza San Mart\u00edn de la ciudad de C\u00f3rdoba.<\/p>\n<p>Las entradas para el Concierto de la Orquesta Sinf\u00f3nica de C\u00f3rdoba previsto para el mismo 2 de junio a las 21.30 horas en el Teatro del Libertador estar\u00e1n a disposici\u00f3n de todos en el Instituto Italiano de Cultura a partir del 26 de mayo (Tel. 0351 4262888).<\/p>\n<p>\u00a1Est\u00e1n todos invitados a festejar nuestra Fiesta Nacional!<\/p>\n<p>\u00a0<\/p>\n<p><a href=\"resource\/doc\/2016\/05\/festa_della_repubblica_2016_-_programma_concerto.pdf\"><strong>PROGRAMA DEL CONCIERTO<\/strong><\/a><\/p>\n","protected":false},"excerpt":{"rendered":"2 DE JUNIO &#8211; \u00a1FIESTA DE LA REP\u00daBLICA! El pr\u00f3ximo 2 de junio se celebrar\u00e1 el 70\u00b0 Aniversario de la Rep\u00fablica Italiana. Invitamos al p\u00fablico en general a participar de la Ceremonia Oficial que se llevar\u00e1 a cabo el 2 de junio a las 12 horas en la Plaza San Mart\u00edn de la ciudad de [&hellip;]","protected":false},"author":1,"featured_media":0,"comment_status":"","ping_status":"","sticky":false,"template":"","format":"standard","meta":{"footnotes":""},"tags":[],"class_list":["post-1692","post","type-post","status-publish","format-standard","hentry"],"_links":{"self":[{"href":"https:\/\/conscordoba.esteri.it\/es\/wp-json\/wp\/v2\/posts\/1692","targetHints":{"allow":["GET"]}}],"collection":[{"href":"https:\/\/conscordoba.esteri.it\/es\/wp-json\/wp\/v2\/posts"}],"about":[{"href":"https:\/\/conscordoba.esteri.it\/es\/wp-json\/wp\/v2\/types\/post"}],"author":[{"embeddable":true,"href":"https:\/\/conscordoba.esteri.it\/es\/wp-json\/wp\/v2\/users\/1"}],"replies":[{"embeddable":true,"href":"https:\/\/conscordoba.esteri.it\/es\/wp-json\/wp\/v2\/comments?post=1692"}],"version-history":[{"count":0,"href":"https:\/\/conscordoba.esteri.it\/es\/wp-json\/wp\/v2\/posts\/1692\/revisions"}],"wp:attachment":[{"href":"https:\/\/conscordoba.esteri.it\/es\/wp-json\/wp\/v2\/media?parent=1692"}],"wp:term":[{"taxonomy":"post_tag","embeddable":true,"href":"https:\/\/conscordoba.esteri.it\/es\/wp-json\/wp\/v2\/tags?post=1692"}],"curies":[{"name":"wp","href":"https:\/\/api.w.org\/{rel}","templated":true}]}}