{"id":1698,"date":"2016-05-16T18:40:05","date_gmt":"2016-05-16T16:40:05","guid":{"rendered":"https:\/\/conscordoba.esteri.it\/news\/dal_consolato\/2016\/05\/seconda-edizione-della-settimana-2\/"},"modified":"2016-05-16T18:40:05","modified_gmt":"2016-05-16T16:40:05","slug":"seconda-edizione-della-settimana-2","status":"publish","type":"post","link":"https:\/\/conscordoba.esteri.it\/es\/news\/dal_consolato\/2016\/05\/seconda-edizione-della-settimana-2\/","title":{"rendered":"Segunda Edici\u00f3n de la Semana de la Cocina Italiana en C\u00f3rdoba"},"content":{"rendered":"<p>Del 17 al 24 de julio. Para m\u00e1s informaci\u00f3n: <a href=\"https:\/\/www.facebook.com\/lasemanadelacocinaitaliana\/?ref=bookmarks\">Hacer click aqu\u00ed.<\/a><\/p>\n<p>Organiza: Professionisti Italiani a C\u00f3rdoba<\/p>\n","protected":false},"excerpt":{"rendered":"Del 17 al 24 de julio. Para m\u00e1s informaci\u00f3n: Hacer click aqu\u00ed. Organiza: Professionisti Italiani a C\u00f3rdoba","protected":false},"author":1,"featured_media":0,"comment_status":"","ping_status":"","sticky":false,"template":"","format":"standard","meta":{"footnotes":""},"tags":[],"class_list":["post-1698","post","type-post","status-publish","format-standard","hentry"],"_links":{"self":[{"href":"https:\/\/conscordoba.esteri.it\/es\/wp-json\/wp\/v2\/posts\/1698","targetHints":{"allow":["GET"]}}],"collection":[{"href":"https:\/\/conscordoba.esteri.it\/es\/wp-json\/wp\/v2\/posts"}],"about":[{"href":"https:\/\/conscordoba.esteri.it\/es\/wp-json\/wp\/v2\/types\/post"}],"author":[{"embeddable":true,"href":"https:\/\/conscordoba.esteri.it\/es\/wp-json\/wp\/v2\/users\/1"}],"replies":[{"embeddable":true,"href":"https:\/\/conscordoba.esteri.it\/es\/wp-json\/wp\/v2\/comments?post=1698"}],"version-history":[{"count":0,"href":"https:\/\/conscordoba.esteri.it\/es\/wp-json\/wp\/v2\/posts\/1698\/revisions"}],"wp:attachment":[{"href":"https:\/\/conscordoba.esteri.it\/es\/wp-json\/wp\/v2\/media?parent=1698"}],"wp:term":[{"taxonomy":"post_tag","embeddable":true,"href":"https:\/\/conscordoba.esteri.it\/es\/wp-json\/wp\/v2\/tags?post=1698"}],"curies":[{"name":"wp","href":"https:\/\/api.w.org\/{rel}","templated":true}]}}