{"id":1704,"date":"2016-05-06T14:52:29","date_gmt":"2016-05-06T12:52:29","guid":{"rendered":"https:\/\/conscordoba.esteri.it\/news\/dal_consolato\/2016\/05\/massimiliano-pitocco-in-concerto-2\/"},"modified":"2016-05-06T14:52:29","modified_gmt":"2016-05-06T12:52:29","slug":"massimiliano-pitocco-in-concerto-2","status":"publish","type":"post","link":"https:\/\/conscordoba.esteri.it\/es\/news\/dal_consolato\/2016\/05\/massimiliano-pitocco-in-concerto-2\/","title":{"rendered":"Massimiliano Pitocco en concierto"},"content":{"rendered":"<p>Domingo 8 de mayo a las 19 horas. Auditorio Radio Nacional.<\/p>\n<p>\u00a1ENTRADA LIBRE Y GRATUITA! Tickets a disposici\u00f3n de los interesados en ambas sedes del Istituto Italiano di Cultura di C\u00f3rdoba.<\/p>\n<p>Para m\u00e1s informaci\u00f3n sobre nuestras actividades culturales, invitamos a los interesados a visitar el sitio oficial del Istituto Italiano di Cultura di C\u00f3rdoba: <a href=\"http:\/\/www.iiccordoba.esteri.it\">www.iiccordoba.esteri.it<\/a><\/p>\n","protected":false},"excerpt":{"rendered":"Domingo 8 de mayo a las 19 horas. Auditorio Radio Nacional. \u00a1ENTRADA LIBRE Y GRATUITA! Tickets a disposici\u00f3n de los interesados en ambas sedes del Istituto Italiano di Cultura di C\u00f3rdoba. Para m\u00e1s informaci\u00f3n sobre nuestras actividades culturales, invitamos a los interesados a visitar el sitio oficial del Istituto Italiano di Cultura di C\u00f3rdoba: www.iiccordoba.esteri.it","protected":false},"author":1,"featured_media":0,"comment_status":"","ping_status":"","sticky":false,"template":"","format":"standard","meta":{"footnotes":""},"tags":[],"class_list":["post-1704","post","type-post","status-publish","format-standard","hentry"],"_links":{"self":[{"href":"https:\/\/conscordoba.esteri.it\/es\/wp-json\/wp\/v2\/posts\/1704","targetHints":{"allow":["GET"]}}],"collection":[{"href":"https:\/\/conscordoba.esteri.it\/es\/wp-json\/wp\/v2\/posts"}],"about":[{"href":"https:\/\/conscordoba.esteri.it\/es\/wp-json\/wp\/v2\/types\/post"}],"author":[{"embeddable":true,"href":"https:\/\/conscordoba.esteri.it\/es\/wp-json\/wp\/v2\/users\/1"}],"replies":[{"embeddable":true,"href":"https:\/\/conscordoba.esteri.it\/es\/wp-json\/wp\/v2\/comments?post=1704"}],"version-history":[{"count":0,"href":"https:\/\/conscordoba.esteri.it\/es\/wp-json\/wp\/v2\/posts\/1704\/revisions"}],"wp:attachment":[{"href":"https:\/\/conscordoba.esteri.it\/es\/wp-json\/wp\/v2\/media?parent=1704"}],"wp:term":[{"taxonomy":"post_tag","embeddable":true,"href":"https:\/\/conscordoba.esteri.it\/es\/wp-json\/wp\/v2\/tags?post=1704"}],"curies":[{"name":"wp","href":"https:\/\/api.w.org\/{rel}","templated":true}]}}