{"id":1706,"date":"2016-05-05T21:04:03","date_gmt":"2016-05-05T19:04:03","guid":{"rendered":"https:\/\/conscordoba.esteri.it\/news\/dal_consolato\/2016\/05\/chiusura-degli-uffici-per-il-25-2\/"},"modified":"2016-05-05T21:04:03","modified_gmt":"2016-05-05T19:04:03","slug":"chiusura-degli-uffici-per-il-25-2","status":"publish","type":"post","link":"https:\/\/conscordoba.esteri.it\/es\/news\/dal_consolato\/2016\/05\/chiusura-degli-uffici-per-il-25-2\/","title":{"rendered":"Cierre de las Oficinas del Consulado General el d\u00eda 25 de mayo"},"content":{"rendered":"<p>Se informa a los usuarios que este Consulado General permanecer\u00e1 cerrado el d\u00eda mi\u00e9rcoles 25 de mayo, por la conmemoraci\u00f3n del 206\u00b0 Aniversario de la Revoluci\u00f3n de Mayo, Fiesta Patria Argentina.<\/p>\n","protected":false},"excerpt":{"rendered":"Se informa a los usuarios que este Consulado General permanecer\u00e1 cerrado el d\u00eda mi\u00e9rcoles 25 de mayo, por la conmemoraci\u00f3n del 206\u00b0 Aniversario de la Revoluci\u00f3n de Mayo, Fiesta Patria Argentina.","protected":false},"author":1,"featured_media":0,"comment_status":"","ping_status":"","sticky":false,"template":"","format":"standard","meta":{"footnotes":""},"tags":[],"class_list":["post-1706","post","type-post","status-publish","format-standard","hentry"],"_links":{"self":[{"href":"https:\/\/conscordoba.esteri.it\/es\/wp-json\/wp\/v2\/posts\/1706","targetHints":{"allow":["GET"]}}],"collection":[{"href":"https:\/\/conscordoba.esteri.it\/es\/wp-json\/wp\/v2\/posts"}],"about":[{"href":"https:\/\/conscordoba.esteri.it\/es\/wp-json\/wp\/v2\/types\/post"}],"author":[{"embeddable":true,"href":"https:\/\/conscordoba.esteri.it\/es\/wp-json\/wp\/v2\/users\/1"}],"replies":[{"embeddable":true,"href":"https:\/\/conscordoba.esteri.it\/es\/wp-json\/wp\/v2\/comments?post=1706"}],"version-history":[{"count":0,"href":"https:\/\/conscordoba.esteri.it\/es\/wp-json\/wp\/v2\/posts\/1706\/revisions"}],"wp:attachment":[{"href":"https:\/\/conscordoba.esteri.it\/es\/wp-json\/wp\/v2\/media?parent=1706"}],"wp:term":[{"taxonomy":"post_tag","embeddable":true,"href":"https:\/\/conscordoba.esteri.it\/es\/wp-json\/wp\/v2\/tags?post=1706"}],"curies":[{"name":"wp","href":"https:\/\/api.w.org\/{rel}","templated":true}]}}