{"id":1712,"date":"2016-04-22T16:01:50","date_gmt":"2016-04-22T14:01:50","guid":{"rendered":"https:\/\/conscordoba.esteri.it\/news\/dal_consolato\/2016\/04\/25-aprile-anniversario-della-liberazione-2\/"},"modified":"2016-04-22T16:01:50","modified_gmt":"2016-04-22T14:01:50","slug":"25-aprile-anniversario-della-liberazione-2","status":"publish","type":"post","link":"https:\/\/conscordoba.esteri.it\/es\/news\/dal_consolato\/2016\/04\/25-aprile-anniversario-della-liberazione-2\/","title":{"rendered":"25 de abril &#8211; Fiesta de la liberaci\u00f3n"},"content":{"rendered":"<p>Se informa que el d\u00eda lunes 25 de abril el Consulado General permanecer\u00e1 cerrado por conmemorarse el Aniversario de la Liberaci\u00f3n de Italia.<\/p>\n","protected":false},"excerpt":{"rendered":"Se informa que el d\u00eda lunes 25 de abril el Consulado General permanecer\u00e1 cerrado por conmemorarse el Aniversario de la Liberaci\u00f3n de Italia.","protected":false},"author":1,"featured_media":0,"comment_status":"","ping_status":"","sticky":false,"template":"","format":"standard","meta":{"footnotes":""},"tags":[],"class_list":["post-1712","post","type-post","status-publish","format-standard","hentry"],"_links":{"self":[{"href":"https:\/\/conscordoba.esteri.it\/es\/wp-json\/wp\/v2\/posts\/1712","targetHints":{"allow":["GET"]}}],"collection":[{"href":"https:\/\/conscordoba.esteri.it\/es\/wp-json\/wp\/v2\/posts"}],"about":[{"href":"https:\/\/conscordoba.esteri.it\/es\/wp-json\/wp\/v2\/types\/post"}],"author":[{"embeddable":true,"href":"https:\/\/conscordoba.esteri.it\/es\/wp-json\/wp\/v2\/users\/1"}],"replies":[{"embeddable":true,"href":"https:\/\/conscordoba.esteri.it\/es\/wp-json\/wp\/v2\/comments?post=1712"}],"version-history":[{"count":0,"href":"https:\/\/conscordoba.esteri.it\/es\/wp-json\/wp\/v2\/posts\/1712\/revisions"}],"wp:attachment":[{"href":"https:\/\/conscordoba.esteri.it\/es\/wp-json\/wp\/v2\/media?parent=1712"}],"wp:term":[{"taxonomy":"post_tag","embeddable":true,"href":"https:\/\/conscordoba.esteri.it\/es\/wp-json\/wp\/v2\/tags?post=1712"}],"curies":[{"name":"wp","href":"https:\/\/api.w.org\/{rel}","templated":true}]}}