{"id":1722,"date":"2016-04-07T19:16:13","date_gmt":"2016-04-07T17:16:13","guid":{"rendered":"https:\/\/conscordoba.esteri.it\/news\/dal_consolato\/2016\/04\/il-console-generale-2\/"},"modified":"2016-04-07T19:16:13","modified_gmt":"2016-04-07T17:16:13","slug":"il-console-generale-2","status":"publish","type":"post","link":"https:\/\/conscordoba.esteri.it\/es\/news\/dal_consolato\/2016\/04\/il-console-generale-2\/","title":{"rendered":"El C\u00f3nsul General"},"content":{"rendered":"<p style=\"text-align: center;\"><span style=\"text-decoration: underline;\"><strong>C\u00d3NSUL GENERAL DE ITALIA EN C\u00d3RDOBA<\/strong><\/span><\/p>\n<p style=\"text-align: center;\"><span style=\"text-decoration: underline;\"><strong>TIBERIO SCHMIDLIN<\/strong><\/span><\/p>\n<p style=\"text-align: justify;\">Nace en Roma el 26 de agosto de 1976, obtiene el t\u00edtulo de Abogado en la Universidad LUISS de Roma en el 2000.<\/p>\n<p style=\"text-align: justify;\">Entra en la carrera diplom\u00e1tica en el 2003 y, luego de realizar el curso de formaci\u00f3n profesional en el Instituto Diplom\u00e1tico, es asignado a la Direcci\u00f3n General de Integraci\u00f3n Europea donde se ocupa de la cooperaci\u00f3n entre la Uni\u00f3n Europea y otros Pa\u00edses.<\/p>\n<p style=\"text-align: justify;\">Desde el 2007 y hasta el 2011 presta servicio en la Embajada de Italia en Kiev (Ucrania), con funciones de primer secretario comercial. Es transferido, hasta el 2015, a la Representaci\u00f3n permanente de Italia en las Organizaciones Internacionales en Ginebra (Suiza) donde se ocupa prioritariamente de los sectores comercial, de la propiedad intelectual y del desarme.<\/p>\n<p style=\"text-align: justify;\">En junio de 2015, nombrado Consejero de legaci\u00f3n, retorna al Ministerio de relaciones externas y cooperaci\u00f3n internacional y es asignado a la Oficina legislativa del Gabinete del Hon. Ministro donde profundiza sus conocimientos sobre normativa consular. Contempor\u00e1neamente, realiza el curso de actualizaci\u00f3n profesional para Consejeros de Legaci\u00f3n organizado por la Direcci\u00f3n general para los recursos y la innovaci\u00f3n.<\/p>\n<p style=\"text-align: justify;\">Es nombrado C\u00f3nsul General de Italia en C\u00f3rdoba (Argentina) a partir del 4 de diciembre de 2017.<\/p>\n<p style=\"text-align: justify;\">Est\u00e1 casado con Krisztina y es padre di Liliana. Practica la fotograf\u00eda.<\/p>\n<p><img loading=\"lazy\" decoding=\"async\" style=\"display: block; margin-left: auto; margin-right: auto;\" src=\"resource\/img\/2017\/12\/consolegenerale.jpg\" alt=\"consolegenerale\" width=\"722\" height=\"541\" \/><\/p>\n<p style=\"text-align: justify;\">\u00a0<\/p>\n","protected":false},"excerpt":{"rendered":"C\u00d3NSUL GENERAL DE ITALIA EN C\u00d3RDOBA TIBERIO SCHMIDLIN Nace en Roma el 26 de agosto de 1976, obtiene el t\u00edtulo de Abogado en la Universidad LUISS de Roma en el 2000. Entra en la carrera diplom\u00e1tica en el 2003 y, luego de realizar el curso de formaci\u00f3n profesional en el Instituto Diplom\u00e1tico, es asignado a [&hellip;]","protected":false},"author":1,"featured_media":0,"comment_status":"","ping_status":"","sticky":false,"template":"","format":"standard","meta":{"footnotes":""},"tags":[],"class_list":["post-1722","post","type-post","status-publish","format-standard","hentry"],"_links":{"self":[{"href":"https:\/\/conscordoba.esteri.it\/es\/wp-json\/wp\/v2\/posts\/1722","targetHints":{"allow":["GET"]}}],"collection":[{"href":"https:\/\/conscordoba.esteri.it\/es\/wp-json\/wp\/v2\/posts"}],"about":[{"href":"https:\/\/conscordoba.esteri.it\/es\/wp-json\/wp\/v2\/types\/post"}],"author":[{"embeddable":true,"href":"https:\/\/conscordoba.esteri.it\/es\/wp-json\/wp\/v2\/users\/1"}],"replies":[{"embeddable":true,"href":"https:\/\/conscordoba.esteri.it\/es\/wp-json\/wp\/v2\/comments?post=1722"}],"version-history":[{"count":0,"href":"https:\/\/conscordoba.esteri.it\/es\/wp-json\/wp\/v2\/posts\/1722\/revisions"}],"wp:attachment":[{"href":"https:\/\/conscordoba.esteri.it\/es\/wp-json\/wp\/v2\/media?parent=1722"}],"wp:term":[{"taxonomy":"post_tag","embeddable":true,"href":"https:\/\/conscordoba.esteri.it\/es\/wp-json\/wp\/v2\/tags?post=1722"}],"curies":[{"name":"wp","href":"https:\/\/api.w.org\/{rel}","templated":true}]}}