{"id":1839,"date":"2023-09-19T19:13:20","date_gmt":"2023-09-19T17:13:20","guid":{"rendered":"https:\/\/conscordoba.esteri.it\/?p=1839"},"modified":"2023-09-21T17:56:28","modified_gmt":"2023-09-21T15:56:28","slug":"habilitacion-extraordinaria-de-turnos-para-la-emision-del-pasaporte-cordoba-capital-septiembre-2023","status":"publish","type":"post","link":"https:\/\/conscordoba.esteri.it\/es\/news\/dal_consolato\/2023\/09\/habilitacion-extraordinaria-de-turnos-para-la-emision-del-pasaporte-cordoba-capital-septiembre-2023\/","title":{"rendered":"Habilitaci\u00f3n extraordinaria de turnos para la emisi\u00f3n del pasaporte: C\u00f3rdoba Capital &#8211; Septiembre 2023"},"content":{"rendered":"<div>Se comunica la habilitaci\u00f3n de 200 turnos extraordinarios para la emisi\u00f3n del pasaporte dirigido exclusivamente para las personas residentes en la ciudad de C\u00f3rdoba.<\/div>\n<div>Los turnos podr\u00e1n reservarse solamente por mail a <a href=\"mailto:cordoba.passaporticentro@esteri.it\" target=\"_blank\" rel=\"noopener noreferrer\">cordoba.passaporticentro@esteri.it<\/a> desde las 10:00 horas hasta las 12:00 del 25 de septiembre.<\/div>\n<div><span class=\"jCAhz ChMk0b\"><span class=\"ryNqvb\">Para ello ser\u00e1 necesario indicar en el asunto del correo electr\u00f3nico \u00abTurnos extraordinarios C\u00d3RDOBA \u2013 SEPTIEMBRE 2023 + el nombre del solicitante\u00bb y adjuntar el formulario de solicitud de turno + el documento de identidad (DNI) frente y dorso (ambos escaneados en un solo archivo PDF).<\/span><\/span><\/div>\n<div><span class=\"jCAhz ChMk0b\"><span class=\"ryNqvb\">Posteriormente, la Oficina de Pasaportes se pondr\u00e1 en contacto con el interesado v\u00eda correo electr\u00f3nico para indicarle c\u00f3mo proceder.<\/span><\/span><\/div>\n<div><span class=\"jCAhz ChMk0b\"><span class=\"ryNqvb\">-LOS CORREOS ELECTR\u00d3NICOS ENVIADOS ANTES DE LAS 10:00 AM Y DESPU\u00c9S DE LAS 12:00 PM DEL 25 DE SEPTIEMBRE NO SE TOMAR\u00c1N EN CONSIDERACI\u00d3N.<\/span><\/span><\/div>\n<div><span class=\"jCAhz ChMk0b\"><span class=\"ryNqvb\">-LAS SOLICITUDES SE TRAMITAR\u00c1N POR ORDEN CRONOL\u00d3GICO Y LOS CIUDADANOS QUE CUMPLAN LAS CONDICIONES NECESARIAS PARA LA RENOVACI\u00d3N DEL PASAPORTE SER\u00c1N CONVOCADOS DURANTE LOS PR\u00d3XIMOS DOS MESES.<\/span><\/span><\/div>\n<div><\/div>\n<div><span class=\"jCAhz ChMk0b\"><span class=\"ryNqvb\">&#8211;<a href=\"https:\/\/conscordoba.esteri.it\/wp-content\/uploads\/2023\/09\/Turni-straordinari-Cordoba-1.doc\">Click aqui para descargar la solicitud<\/a>.<\/span><\/span><\/div>\n<div><\/div>\n","protected":false},"excerpt":{"rendered":"Se comunica la habilitaci\u00f3n de 200 turnos extraordinarios para la emisi\u00f3n del pasaporte dirigido exclusivamente para las personas residentes en la ciudad de C\u00f3rdoba. Los turnos podr\u00e1n reservarse solamente por mail a cordoba.passaporticentro@esteri.it desde las 10:00 horas hasta las 12:00 del 25 de septiembre. Para ello ser\u00e1 necesario indicar en el asunto del correo electr\u00f3nico [&hellip;]","protected":false},"author":3,"featured_media":1819,"comment_status":"closed","ping_status":"closed","sticky":false,"template":"","format":"standard","meta":{"footnotes":""},"tags":[],"class_list":["post-1839","post","type-post","status-publish","format-standard","has-post-thumbnail","hentry"],"_links":{"self":[{"href":"https:\/\/conscordoba.esteri.it\/es\/wp-json\/wp\/v2\/posts\/1839","targetHints":{"allow":["GET"]}}],"collection":[{"href":"https:\/\/conscordoba.esteri.it\/es\/wp-json\/wp\/v2\/posts"}],"about":[{"href":"https:\/\/conscordoba.esteri.it\/es\/wp-json\/wp\/v2\/types\/post"}],"author":[{"embeddable":true,"href":"https:\/\/conscordoba.esteri.it\/es\/wp-json\/wp\/v2\/users\/3"}],"replies":[{"embeddable":true,"href":"https:\/\/conscordoba.esteri.it\/es\/wp-json\/wp\/v2\/comments?post=1839"}],"version-history":[{"count":0,"href":"https:\/\/conscordoba.esteri.it\/es\/wp-json\/wp\/v2\/posts\/1839\/revisions"}],"wp:featuredmedia":[{"embeddable":true,"href":"https:\/\/conscordoba.esteri.it\/es\/wp-json\/wp\/v2\/media\/1819"}],"wp:attachment":[{"href":"https:\/\/conscordoba.esteri.it\/es\/wp-json\/wp\/v2\/media?parent=1839"}],"wp:term":[{"taxonomy":"post_tag","embeddable":true,"href":"https:\/\/conscordoba.esteri.it\/es\/wp-json\/wp\/v2\/tags?post=1839"}],"curies":[{"name":"wp","href":"https:\/\/api.w.org\/{rel}","templated":true}]}}