{"id":1865,"date":"2023-09-25T13:46:00","date_gmt":"2023-09-25T11:46:00","guid":{"rendered":"https:\/\/conscordoba.esteri.it\/?p=1865"},"modified":"2023-09-25T13:48:01","modified_gmt":"2023-09-25T11:48:01","slug":"apertura-di-un-libro-di-condoglianze-a-seguito-della-scomparsa-del-presidente-emerito-della-repubblica-senatore-giorgio-napolitano","status":"publish","type":"post","link":"https:\/\/conscordoba.esteri.it\/es\/news\/dal_consolato\/2023\/09\/apertura-di-un-libro-di-condoglianze-a-seguito-della-scomparsa-del-presidente-emerito-della-repubblica-senatore-giorgio-napolitano\/","title":{"rendered":"Apertura de un libro de condolencias tras el fallecimiento del Presidente Em\u00e9rito de la Rep\u00fablica, Senador Giorgio Napolitano"},"content":{"rendered":"<p>El Consulado General de Italia en C\u00f3rdoba informa que se encuentra abierto un libro de condolencias a causa del fallecimiento del Presidente Em\u00e9rito de la Rep\u00fablica, Senador vitalicio, Giorgio Napolitano. El libro estar\u00e1 abierto el lunes 25 y el martes 26 de septiembre, d\u00edas de funerales de Estado.<br \/>\n*Direcci\u00f3n, d\u00edas y horarios de apertura:<br \/>\n-Av. V\u00e9lez S\u00e1rsfieldo 360 &#8211; C\u00f3rdoba<br \/>\n-Lunes 25 y martes 26 de 9 a 15 horas.<\/p>\n","protected":false},"excerpt":{"rendered":"El Consulado General de Italia en C\u00f3rdoba informa que se encuentra abierto un libro de condolencias a causa del fallecimiento del Presidente Em\u00e9rito de la Rep\u00fablica, Senador vitalicio, Giorgio Napolitano. El libro estar\u00e1 abierto el lunes 25 y el martes 26 de septiembre, d\u00edas de funerales de Estado. *Direcci\u00f3n, d\u00edas y horarios de apertura: -Av. [&hellip;]","protected":false},"author":3,"featured_media":1866,"comment_status":"closed","ping_status":"closed","sticky":false,"template":"","format":"standard","meta":{"footnotes":""},"tags":[],"class_list":["post-1865","post","type-post","status-publish","format-standard","has-post-thumbnail","hentry"],"_links":{"self":[{"href":"https:\/\/conscordoba.esteri.it\/es\/wp-json\/wp\/v2\/posts\/1865","targetHints":{"allow":["GET"]}}],"collection":[{"href":"https:\/\/conscordoba.esteri.it\/es\/wp-json\/wp\/v2\/posts"}],"about":[{"href":"https:\/\/conscordoba.esteri.it\/es\/wp-json\/wp\/v2\/types\/post"}],"author":[{"embeddable":true,"href":"https:\/\/conscordoba.esteri.it\/es\/wp-json\/wp\/v2\/users\/3"}],"replies":[{"embeddable":true,"href":"https:\/\/conscordoba.esteri.it\/es\/wp-json\/wp\/v2\/comments?post=1865"}],"version-history":[{"count":0,"href":"https:\/\/conscordoba.esteri.it\/es\/wp-json\/wp\/v2\/posts\/1865\/revisions"}],"wp:featuredmedia":[{"embeddable":true,"href":"https:\/\/conscordoba.esteri.it\/es\/wp-json\/wp\/v2\/media\/1866"}],"wp:attachment":[{"href":"https:\/\/conscordoba.esteri.it\/es\/wp-json\/wp\/v2\/media?parent=1865"}],"wp:term":[{"taxonomy":"post_tag","embeddable":true,"href":"https:\/\/conscordoba.esteri.it\/es\/wp-json\/wp\/v2\/tags?post=1865"}],"curies":[{"name":"wp","href":"https:\/\/api.w.org\/{rel}","templated":true}]}}