{"id":1917,"date":"2023-10-25T19:23:23","date_gmt":"2023-10-25T17:23:23","guid":{"rendered":"https:\/\/conscordoba.esteri.it\/?p=1917"},"modified":"2023-10-25T20:13:35","modified_gmt":"2023-10-25T18:13:35","slug":"aviso-para-la-esponsorizacion-evento-de-fin-de-ano-2023","status":"publish","type":"post","link":"https:\/\/conscordoba.esteri.it\/es\/news\/dal_consolato\/2023\/10\/aviso-para-la-esponsorizacion-evento-de-fin-de-ano-2023\/","title":{"rendered":"AVISO PARA LA ESPONSORIZACI\u00d3N \u2013 EVENTO DE FIN DE A\u00d1O 2023"},"content":{"rendered":"<p>Ha sido publicado el edicto para la b\u00fasqueda y selecci\u00f3n de sponsor para el evento de fin de a\u00f1o 2023 que est\u00e1 organizando el Consulado General de Italia en Cordoba. Se podr\u00e1n presentar las manifestaciones de inter\u00e9s hasta el 24 de noviembre inclusive.<\/p>\n<p>Los eventos representan una importante oportunidad para la participaci\u00f3n de la colectividad italiana con el objetivo de honrar los or\u00edgenes italianos y reforzar los lazos entre Italia y Argentina.<\/p>\n<p>Descargar aqu\u00ed:<\/p>\n<p><a href=\"https:\/\/conscordoba.esteri.it\/wp-content\/uploads\/2023\/10\/AVVISO-PUBBLICO-SPONSORIZZAZIONE-EVENTO-FINE-ANNO-2023.pdf\">AVISO AL P\u00daBLICO en italiano<\/a>;<\/p>\n<p><a href=\"https:\/\/conscordoba.esteri.it\/wp-content\/uploads\/2023\/10\/AVISO-PUBLICO-PARA-ESPONSORIZACIONES-EVENTO-DE-FIN-DE-ANO-2023.pdf\">AVISO AL P\u00daBLICO en castellano<\/a>;<\/p>\n<p><a href=\"https:\/\/conscordoba.esteri.it\/wp-content\/uploads\/2023\/10\/Formulario-AVVISO-SPONSORIZZAZIONE-ano-2023.docx\">FORMULARIO DE MANIFESTACI\u00d3N DE INTER\u00c9S<\/a><\/p>\n","protected":false},"excerpt":{"rendered":"Ha sido publicado el edicto para la b\u00fasqueda y selecci\u00f3n de sponsor para el evento de fin de a\u00f1o 2023 que est\u00e1 organizando el Consulado General de Italia en Cordoba. Se podr\u00e1n presentar las manifestaciones de inter\u00e9s hasta el 24 de noviembre inclusive. Los eventos representan una importante oportunidad para la participaci\u00f3n de la colectividad [&hellip;]","protected":false},"author":3,"featured_media":0,"comment_status":"closed","ping_status":"closed","sticky":false,"template":"","format":"standard","meta":{"footnotes":""},"tags":[],"class_list":["post-1917","post","type-post","status-publish","format-standard","hentry"],"_links":{"self":[{"href":"https:\/\/conscordoba.esteri.it\/es\/wp-json\/wp\/v2\/posts\/1917","targetHints":{"allow":["GET"]}}],"collection":[{"href":"https:\/\/conscordoba.esteri.it\/es\/wp-json\/wp\/v2\/posts"}],"about":[{"href":"https:\/\/conscordoba.esteri.it\/es\/wp-json\/wp\/v2\/types\/post"}],"author":[{"embeddable":true,"href":"https:\/\/conscordoba.esteri.it\/es\/wp-json\/wp\/v2\/users\/3"}],"replies":[{"embeddable":true,"href":"https:\/\/conscordoba.esteri.it\/es\/wp-json\/wp\/v2\/comments?post=1917"}],"version-history":[{"count":4,"href":"https:\/\/conscordoba.esteri.it\/es\/wp-json\/wp\/v2\/posts\/1917\/revisions"}],"predecessor-version":[{"id":1930,"href":"https:\/\/conscordoba.esteri.it\/es\/wp-json\/wp\/v2\/posts\/1917\/revisions\/1930"}],"wp:attachment":[{"href":"https:\/\/conscordoba.esteri.it\/es\/wp-json\/wp\/v2\/media?parent=1917"}],"wp:term":[{"taxonomy":"post_tag","embeddable":true,"href":"https:\/\/conscordoba.esteri.it\/es\/wp-json\/wp\/v2\/tags?post=1917"}],"curies":[{"name":"wp","href":"https:\/\/api.w.org\/{rel}","templated":true}]}}