{"id":2054,"date":"2023-11-24T15:37:45","date_gmt":"2023-11-24T14:37:45","guid":{"rendered":"https:\/\/conscordoba.esteri.it\/?p=2054"},"modified":"2023-11-24T15:38:26","modified_gmt":"2023-11-24T14:38:26","slug":"fiesta-de-fin-de-ano-2023","status":"publish","type":"post","link":"https:\/\/conscordoba.esteri.it\/es\/news\/dal_consolato\/2023\/11\/fiesta-de-fin-de-ano-2023\/","title":{"rendered":"Fiesta de fin de a\u00f1o 2023"},"content":{"rendered":"<div class=\"xdj266r x11i5rnm xat24cr x1mh8g0r x1vvkbs x126k92a\">\n<div dir=\"auto\">Quedan invitados al evento de fin de a\u00f1o dedicado a la lucha contra la violencia de g\u00e9nero.<\/div>\n<div dir=\"auto\">Les esperamos el pr\u00f3ximo domingo 26 de noviembre en el Teatro del Libertador San Martin a las 20:30.<\/div>\n<\/div>\n<div class=\"x11i5rnm xat24cr x1mh8g0r x1vvkbs xtlvy1s x126k92a\">\n<div dir=\"auto\">Pueden retirar la entrada gratuita en el Consulado General de Italia en Cordoba (hasta agotar disponibilidad).<\/div>\n<ul>\n<li dir=\"auto\">Av V\u00e9lez Sarsfield 360, viernes 24 de noviembre de 11 a 14 hs.<\/li>\n<\/ul>\n<\/div>\n<div class=\"x11i5rnm xat24cr x1mh8g0r x1vvkbs xtlvy1s x126k92a\">\n<div dir=\"auto\">El Concierto adhiere a la campa\u00f1a de Naciones Unidas <a class=\"x1i10hfl xjbqb8w x6umtig x1b1mbwd xaqea5y xav7gou x9f619 x1ypdohk xt0psk2 xe8uvvx xdj266r x11i5rnm xat24cr x1mh8g0r xexx8yu x4uap5 x18d9i69 xkhd6sd x16tdsg8 x1hl2dhg xggy1nq x1a2a7pz xt0b8zv x1qq9wsj xo1l8bm\" tabindex=\"0\" role=\"link\" href=\"https:\/\/www.facebook.com\/hashtag\/orangetheworld?__eep__=6&amp;__cft__[0]=AZVPuLKpk2ZK-lgL4W8rt9cOBYDTBrcZYTH0BsFlbyXr6i7bWzQLRFEGPbcoHQUezazT9f2yygCB85-em5jnKCa1sHC6lIecwSkJdC5XzCqO2oglNRmlhnUasaiL1f0CHwCYbgyAjaz7-iqMebrFph3hPHfDTgA1KRR4XhH_Mf2dzWVxkJHKnw7aFtCH1iWe2M-uAJed1yBZqZZsGf_Q9SqWvU7whKAGQZh19gfZdpPRSw&amp;__tn__=*NK-R\">OrangeTheWorld<\/a>\u00a0y tambi\u00e9n a la campa\u00f1a de sensibilizaci\u00f3n \u201cUNITE! Investire per prevenire la violenza contro le donne e le ragazze\u201d junto con los Consulados Generales de Italia en Buenos Aires y en Bah\u00eda Blanca.<\/div>\n<\/div>\n","protected":false},"excerpt":{"rendered":"Quedan invitados al evento de fin de a\u00f1o dedicado a la lucha contra la violencia de g\u00e9nero. Les esperamos el pr\u00f3ximo domingo 26 de noviembre en el Teatro del Libertador San Martin a las 20:30. Pueden retirar la entrada gratuita en el Consulado General de Italia en Cordoba (hasta agotar disponibilidad). Av V\u00e9lez Sarsfield 360, [&hellip;]","protected":false},"author":3,"featured_media":2052,"comment_status":"closed","ping_status":"closed","sticky":false,"template":"","format":"standard","meta":{"footnotes":""},"tags":[],"class_list":["post-2054","post","type-post","status-publish","format-standard","has-post-thumbnail","hentry"],"_links":{"self":[{"href":"https:\/\/conscordoba.esteri.it\/es\/wp-json\/wp\/v2\/posts\/2054","targetHints":{"allow":["GET"]}}],"collection":[{"href":"https:\/\/conscordoba.esteri.it\/es\/wp-json\/wp\/v2\/posts"}],"about":[{"href":"https:\/\/conscordoba.esteri.it\/es\/wp-json\/wp\/v2\/types\/post"}],"author":[{"embeddable":true,"href":"https:\/\/conscordoba.esteri.it\/es\/wp-json\/wp\/v2\/users\/3"}],"replies":[{"embeddable":true,"href":"https:\/\/conscordoba.esteri.it\/es\/wp-json\/wp\/v2\/comments?post=2054"}],"version-history":[{"count":1,"href":"https:\/\/conscordoba.esteri.it\/es\/wp-json\/wp\/v2\/posts\/2054\/revisions"}],"predecessor-version":[{"id":2057,"href":"https:\/\/conscordoba.esteri.it\/es\/wp-json\/wp\/v2\/posts\/2054\/revisions\/2057"}],"wp:featuredmedia":[{"embeddable":true,"href":"https:\/\/conscordoba.esteri.it\/es\/wp-json\/wp\/v2\/media\/2052"}],"wp:attachment":[{"href":"https:\/\/conscordoba.esteri.it\/es\/wp-json\/wp\/v2\/media?parent=2054"}],"wp:term":[{"taxonomy":"post_tag","embeddable":true,"href":"https:\/\/conscordoba.esteri.it\/es\/wp-json\/wp\/v2\/tags?post=2054"}],"curies":[{"name":"wp","href":"https:\/\/api.w.org\/{rel}","templated":true}]}}