{"id":2404,"date":"2024-01-26T15:16:13","date_gmt":"2024-01-26T14:16:13","guid":{"rendered":"https:\/\/conscordoba.esteri.it\/?p=2404"},"modified":"2024-01-26T15:16:02","modified_gmt":"2024-01-26T14:16:02","slug":"discurso-del-ministro-antonio-tajani-en-yad-vashem-en-el-marco-del-dia-de-la-memoria","status":"publish","type":"post","link":"https:\/\/conscordoba.esteri.it\/es\/news\/dal_consolato\/2024\/01\/discurso-del-ministro-antonio-tajani-en-yad-vashem-en-el-marco-del-dia-de-la-memoria\/","title":{"rendered":"Discurso del Ministro Antonio Tajani en Yad Vashem en el marco del D\u00eda de la Memoria"},"content":{"rendered":"<p>En el marco del D\u00eda de la Memoria, que se celebrar\u00e1 el pr\u00f3ximo 27 de Enero, les informamos que se encuentra disponible el video del discurso del Excmo. Ministro Antonio Tajani, en la ceremonia que tuvo lugar hoy en Yad Vashem de Jerusal\u00e9n, a la cual asisti\u00f3 como invitado de honor.<\/p>\n<p>Link al video:\u00a0<a href=\"https:\/\/youtu.be\/wBFGzldjtds?si=HGgX91tGs1k9qUNR\"> https:\/\/youtu.be\/wBFGzldjtds?si=HGgX91tGs1k9qUNR<\/a><\/p>\n<p>&nbsp;<\/p>\n<p>&nbsp;<\/p>\n","protected":false},"excerpt":{"rendered":"En el marco del D\u00eda de la Memoria, que se celebrar\u00e1 el pr\u00f3ximo 27 de Enero, les informamos que se encuentra disponible el video del discurso del Excmo. Ministro Antonio Tajani, en la ceremonia que tuvo lugar hoy en Yad Vashem de Jerusal\u00e9n, a la cual asisti\u00f3 como invitado de honor. Link al video:\u00a0 https:\/\/youtu.be\/wBFGzldjtds?si=HGgX91tGs1k9qUNR [&hellip;]","protected":false},"author":5,"featured_media":0,"comment_status":"closed","ping_status":"closed","sticky":false,"template":"","format":"standard","meta":{"footnotes":""},"tags":[],"class_list":["post-2404","post","type-post","status-publish","format-standard","hentry"],"_links":{"self":[{"href":"https:\/\/conscordoba.esteri.it\/es\/wp-json\/wp\/v2\/posts\/2404","targetHints":{"allow":["GET"]}}],"collection":[{"href":"https:\/\/conscordoba.esteri.it\/es\/wp-json\/wp\/v2\/posts"}],"about":[{"href":"https:\/\/conscordoba.esteri.it\/es\/wp-json\/wp\/v2\/types\/post"}],"author":[{"embeddable":true,"href":"https:\/\/conscordoba.esteri.it\/es\/wp-json\/wp\/v2\/users\/5"}],"replies":[{"embeddable":true,"href":"https:\/\/conscordoba.esteri.it\/es\/wp-json\/wp\/v2\/comments?post=2404"}],"version-history":[{"count":2,"href":"https:\/\/conscordoba.esteri.it\/es\/wp-json\/wp\/v2\/posts\/2404\/revisions"}],"predecessor-version":[{"id":2409,"href":"https:\/\/conscordoba.esteri.it\/es\/wp-json\/wp\/v2\/posts\/2404\/revisions\/2409"}],"wp:attachment":[{"href":"https:\/\/conscordoba.esteri.it\/es\/wp-json\/wp\/v2\/media?parent=2404"}],"wp:term":[{"taxonomy":"post_tag","embeddable":true,"href":"https:\/\/conscordoba.esteri.it\/es\/wp-json\/wp\/v2\/tags?post=2404"}],"curies":[{"name":"wp","href":"https:\/\/api.w.org\/{rel}","templated":true}]}}