{"id":2441,"date":"2024-01-29T13:41:41","date_gmt":"2024-01-29T12:41:41","guid":{"rendered":"https:\/\/conscordoba.esteri.it\/?p=2441"},"modified":"2024-01-29T13:42:40","modified_gmt":"2024-01-29T12:42:40","slug":"i-edizione-del-global-executive-master-dellistituto-universitario-europeo-di-firenze-eui-gem-anno-accademico-2024-2025","status":"publish","type":"post","link":"https:\/\/conscordoba.esteri.it\/es\/news\/dal_consolato\/2024\/01\/i-edizione-del-global-executive-master-dellistituto-universitario-europeo-di-firenze-eui-gem-anno-accademico-2024-2025\/","title":{"rendered":"I edici\u00f3n del Global Executive Master del Istituto Universitario Europeo di Firenze (EUI GEM) \u2013 A\u00f1o acad\u00e9mico 2024-2025"},"content":{"rendered":"<p><strong>El\u00a0<em>Istituto Universitario Europeo di Firenze<\/em><\/strong>\u00a0anunci\u00f3 el lanzamiento, para el\u00a0<strong>a\u00f1o acad\u00e9mico 2024-2025<\/strong>, de un nuevo\u00a0<strong>curso de educaci\u00f3n superior,<\/strong>\u00a0<strong>el \u00ab<em>Global Executive Master<\/em>\u00ab<\/strong>\u00a0(EUI GEM).<\/p>\n<p>La maestr\u00eda est\u00e1\u00a0<strong>dirigida a j\u00f3venes profesionales del\u00a0<em>policy-making\u00a0<\/em><\/strong>activos en el sector privado, el sector p\u00fablico y la sociedad civil, interesados \u200b\u200ben fortalecer sus conocimientos, progresar en su carrera profesional y convertirse en agentes de cambio en sus respectivos sectores de especializaci\u00f3n.<\/p>\n<p>Con una duraci\u00f3n de dos a\u00f1os, el EUI GEM ofrece una\u00a0<strong>estructura flexible<\/strong>\u00a0y una modalidad de\u00a0<strong>frecuencia de tiempo parcial<\/strong>, que le permitir\u00e1 a los participantes combinar su trabajo de tiempo completo con un per\u00edodo de formaci\u00f3n acad\u00e9mica de alto nivel.<\/p>\n<p><strong>Ser\u00e1 posible postularse hasta el 15 de mayo de 2024.<\/strong><\/p>\n<p><strong>M\u00e1s informaci\u00f3n<\/strong>\u00a0sobre la estructura de la maestr\u00eda y\u00a0<strong>convocatoria<\/strong>\u00a0para per\u00edodo 2024-2025,\u00a0<strong>en el siguiente enlace:\u00a0<a href=\"https:\/\/gem.eui.eu\/home\">https:\/\/gem.eui.eu\/home<\/a>.<\/strong><\/p>\n<p><strong><em>Brochure<\/em>\u00a0de presentaci\u00f3n<\/strong>\u00a0del curso disponible\u00a0<a href=\"https:\/\/ambbuenosaires.esteri.it\/wp-content\/uploads\/2024\/01\/Global-Executive-Master-Brochure.pdf\"><strong>AQU\u00cd<\/strong><\/a>.<\/p>\n","protected":false},"excerpt":{"rendered":"El\u00a0Istituto Universitario Europeo di Firenze\u00a0anunci\u00f3 el lanzamiento, para el\u00a0a\u00f1o acad\u00e9mico 2024-2025, de un nuevo\u00a0curso de educaci\u00f3n superior,\u00a0el \u00abGlobal Executive Master\u00ab\u00a0(EUI GEM). La maestr\u00eda est\u00e1\u00a0dirigida a j\u00f3venes profesionales del\u00a0policy-making\u00a0activos en el sector privado, el sector p\u00fablico y la sociedad civil, interesados \u200b\u200ben fortalecer sus conocimientos, progresar en su carrera profesional y convertirse en agentes de cambio [&hellip;]","protected":false},"author":3,"featured_media":0,"comment_status":"closed","ping_status":"closed","sticky":false,"template":"","format":"standard","meta":{"footnotes":""},"tags":[],"class_list":["post-2441","post","type-post","status-publish","format-standard","hentry"],"_links":{"self":[{"href":"https:\/\/conscordoba.esteri.it\/es\/wp-json\/wp\/v2\/posts\/2441","targetHints":{"allow":["GET"]}}],"collection":[{"href":"https:\/\/conscordoba.esteri.it\/es\/wp-json\/wp\/v2\/posts"}],"about":[{"href":"https:\/\/conscordoba.esteri.it\/es\/wp-json\/wp\/v2\/types\/post"}],"author":[{"embeddable":true,"href":"https:\/\/conscordoba.esteri.it\/es\/wp-json\/wp\/v2\/users\/3"}],"replies":[{"embeddable":true,"href":"https:\/\/conscordoba.esteri.it\/es\/wp-json\/wp\/v2\/comments?post=2441"}],"version-history":[{"count":2,"href":"https:\/\/conscordoba.esteri.it\/es\/wp-json\/wp\/v2\/posts\/2441\/revisions"}],"predecessor-version":[{"id":2444,"href":"https:\/\/conscordoba.esteri.it\/es\/wp-json\/wp\/v2\/posts\/2441\/revisions\/2444"}],"wp:attachment":[{"href":"https:\/\/conscordoba.esteri.it\/es\/wp-json\/wp\/v2\/media?parent=2441"}],"wp:term":[{"taxonomy":"post_tag","embeddable":true,"href":"https:\/\/conscordoba.esteri.it\/es\/wp-json\/wp\/v2\/tags?post=2441"}],"curies":[{"name":"wp","href":"https:\/\/api.w.org\/{rel}","templated":true}]}}