{"id":3265,"date":"2024-05-13T21:23:32","date_gmt":"2024-05-13T19:23:32","guid":{"rendered":"https:\/\/conscordoba.esteri.it\/?p=3265"},"modified":"2024-05-13T21:28:58","modified_gmt":"2024-05-13T19:28:58","slug":"italia-en-san-francisco-ovunque-vada-ti-porto-con-me","status":"publish","type":"post","link":"https:\/\/conscordoba.esteri.it\/es\/news\/dal_consolato\/2024\/05\/italia-en-san-francisco-ovunque-vada-ti-porto-con-me\/","title":{"rendered":"Italia en San Francisco: Ovunque vada ti porto con me"},"content":{"rendered":"<p>El 3, 10, 11 y 12 de mayo se llev\u00f3 a cabo el evento \u00abItalia en San Francisco\u00bb, que celebr\u00f3 la italianidad en todas sus formas, desde el arte hasta la m\u00fasica, desde la gastronom\u00eda hasta el deporte.<\/p>\n<p>La manifestaci\u00f3n, que se desarroll\u00f3 en San Francisco, ciudad en provincia de Cordoba, celebr\u00f3 los estrechos lazos entre Italia y la enorme comunidad italiana presente en Argentina.<\/p>\n<p>La manifestazione, avvenuta presso San Francisco, citt\u00e0 in provincia di Cordoba, ha celebrato gli stretti rapporti tra l&#8217;Italia e la folta comunit\u00e0 italiana presente in Argentina.<\/p>\n<p>Bajo estas l\u00edneas el programa de eventos:<\/p>\n<p><img loading=\"lazy\" decoding=\"async\" class=\"size-medium wp-image-3259 img-fluid aligncenter\" src=\"https:\/\/conscordoba.esteri.it\/wp-content\/uploads\/2024\/05\/Italia-en-San-Francisco-programma-300x215.jpg\" alt=\"\" width=\"300\" height=\"215\" srcset=\"https:\/\/conscordoba.esteri.it\/wp-content\/uploads\/2024\/05\/Italia-en-San-Francisco-programma-300x215.jpg 300w, https:\/\/conscordoba.esteri.it\/wp-content\/uploads\/2024\/05\/Italia-en-San-Francisco-programma-768x550.jpg 768w, https:\/\/conscordoba.esteri.it\/wp-content\/uploads\/2024\/05\/Italia-en-San-Francisco-programma.jpg 826w\" sizes=\"auto, (max-width: 300px) 100vw, 300px\" \/><\/p>\n<p>El evento suscit\u00f3 gran resonancia en los medios de comunicaci\u00f3n locales y redes sociales. Clic en los varios links para leer la gacetilla de prensa:<\/p>\n<p><a href=\"https:\/\/www.facebook.com\/lavozdesanjusto\/videos\/donato-de-santis-ya-est%C3%A1-en-la-ciudad-en-el-marco-del-programa-cultural-italia-e\/937151268205335\/?rdid=1ZcKjU3pGpJl0Vo3\">Donato De Santis ya est\u00e1 en la ciudad \ud83c\uddee\ud83c\uddf9 En el marco del programa cultural \u00abItalia en San Francisco\u00bb que se desarrolla este fin de semana en la Plaza&#8230; | By La Voz de San JustoFacebook | Facebook<\/a><\/p>\n<p><a href=\"https:\/\/www.facebook.com\/100064929000741\/posts\/839065741601052\/?rdid=8Yondex80NIUPXJ3\">Con una importante cantidad de&#8230; &#8211; La Voz de San Justo | Facebook<\/a><\/p>\n<p><a href=\"https:\/\/www.facebook.com\/lavozdesanjusto\/videos\/299946376491982\/?rdid=ufYEvgCPLvevyLnD\">Para finalizar la tercera jornada de la \u201cSemana de Italia en San Francisco\u201d, se proyecta el mapping denominado \u201cUna historia en com\u00fan: inmigraci\u00f3n&#8230; | By La Voz de San JustoFacebook | Facebook<\/a><\/p>\n<p><a href=\"https:\/\/www.facebook.com\/100064929000741\/posts\/839314201576206\/?rdid=eKvlIBoJPApA6QQj\">En la cuarta jornada se destacan la&#8230; &#8211; La Voz de San Justo | Facebook<\/a><\/p>\n<p><a href=\"https:\/\/www.facebook.com\/100064929000741\/posts\/839640864876873\/?rdid=wUdict8maVHfpWue\">Un domingo para seguir disfrutando&#8230; &#8211; La Voz de San Justo | Facebook<\/a><\/p>\n<p><a href=\"https:\/\/www.facebook.com\/100064687869360\/posts\/890033136496274\/?rdid=rKIoDBv53DFHhDUF\">El Peri\u00f3dico &#8211; Ser\u00e1 a partir del mediod\u00eda de este s\u00e1bado&#8230; | Facebook<\/a><\/p>\n<p><a href=\"https:\/\/www.facebook.com\/100064687869360\/posts\/890286619804259\/?rdid=qNry4mMHsxs6p2Rv\">El Peri\u00f3dico &#8211; @donatodesantis cocin\u00f3 en vivo para el&#8230; | Facebook<\/a><\/p>\n<p><a href=\"https:\/\/www.facebook.com\/100064687869360\/posts\/890298263136428\/?rdid=wHfq2DTsOaHgOQ5U\">El Peri\u00f3dico &#8211; Contin\u00faan las actividades de \u201cItalia en San&#8230; | Facebook<\/a><\/p>\n<p><a href=\"https:\/\/www.facebook.com\/100064687869360\/posts\/890707503095504\/?rdid=FWt1C7TIn2NndMwS\">El Peri\u00f3dico &#8211; Ser\u00e1 en la Plaza C\u00edvica con eventos&#8230; | Facebook<\/a><\/p>\n<p><a href=\"https:\/\/www.facebook.com\/100064687869360\/posts\/890857926413795\/?rdid=QxheedNYnctTwCuH\">El Peri\u00f3dico &#8211; Contin\u00faan las actividades de \u201cItalia en San&#8230; | Facebook<\/a><\/p>\n<p><a href=\"https:\/\/www.facebook.com\/100063501045661\/posts\/965890038871022\/?rdid=F052jMNd8vKQGMTt\">Radiocanal &#8211; CULTURALES &#8211; \u00abItalia en San Francisco\u00bb&#8230; | Facebook<\/a><\/p>\n<p><a href=\"https:\/\/www.facebook.com\/100063501045661\/posts\/966074468852579\/?rdid=QUNMrCE5PYzun9ik\">Radiocanal &#8211; CULTURALES &#8211; La agrupaci\u00f3n que todas las&#8230; | Facebook<\/a><\/p>\n","protected":false},"excerpt":{"rendered":"El 3, 10, 11 y 12 de mayo se llev\u00f3 a cabo el evento \u00abItalia en San Francisco\u00bb, que celebr\u00f3 la italianidad en todas sus formas, desde el arte hasta la m\u00fasica, desde la gastronom\u00eda hasta el deporte. La manifestaci\u00f3n, que se desarroll\u00f3 en San Francisco, ciudad en provincia de Cordoba, celebr\u00f3 los estrechos lazos [&hellip;]","protected":false},"author":3,"featured_media":3254,"comment_status":"closed","ping_status":"closed","sticky":false,"template":"","format":"standard","meta":{"footnotes":""},"tags":[],"class_list":["post-3265","post","type-post","status-publish","format-standard","has-post-thumbnail","hentry"],"_links":{"self":[{"href":"https:\/\/conscordoba.esteri.it\/es\/wp-json\/wp\/v2\/posts\/3265","targetHints":{"allow":["GET"]}}],"collection":[{"href":"https:\/\/conscordoba.esteri.it\/es\/wp-json\/wp\/v2\/posts"}],"about":[{"href":"https:\/\/conscordoba.esteri.it\/es\/wp-json\/wp\/v2\/types\/post"}],"author":[{"embeddable":true,"href":"https:\/\/conscordoba.esteri.it\/es\/wp-json\/wp\/v2\/users\/3"}],"replies":[{"embeddable":true,"href":"https:\/\/conscordoba.esteri.it\/es\/wp-json\/wp\/v2\/comments?post=3265"}],"version-history":[{"count":1,"href":"https:\/\/conscordoba.esteri.it\/es\/wp-json\/wp\/v2\/posts\/3265\/revisions"}],"predecessor-version":[{"id":3267,"href":"https:\/\/conscordoba.esteri.it\/es\/wp-json\/wp\/v2\/posts\/3265\/revisions\/3267"}],"wp:featuredmedia":[{"embeddable":true,"href":"https:\/\/conscordoba.esteri.it\/es\/wp-json\/wp\/v2\/media\/3254"}],"wp:attachment":[{"href":"https:\/\/conscordoba.esteri.it\/es\/wp-json\/wp\/v2\/media?parent=3265"}],"wp:term":[{"taxonomy":"post_tag","embeddable":true,"href":"https:\/\/conscordoba.esteri.it\/es\/wp-json\/wp\/v2\/tags?post=3265"}],"curies":[{"name":"wp","href":"https:\/\/api.w.org\/{rel}","templated":true}]}}