{"id":4083,"date":"2024-08-22T19:25:44","date_gmt":"2024-08-22T17:25:44","guid":{"rendered":"https:\/\/conscordoba.esteri.it\/?p=4083"},"modified":"2024-08-22T19:25:22","modified_gmt":"2024-08-22T17:25:22","slug":"venta-del-grupo-ilva-y-del-grupo-acciaierie-ditalia","status":"publish","type":"post","link":"https:\/\/conscordoba.esteri.it\/es\/news\/dal_consolato\/2024\/08\/venta-del-grupo-ilva-y-del-grupo-acciaierie-ditalia\/","title":{"rendered":"VENTA DEL GRUPO \u00abILVA\u00bb Y DEL GRUPO \u00abACCIAIERIE D&#8217;ITALIA\u00bb"},"content":{"rendered":"<p style=\"text-align: justify;\">El Gobierno italiano ha decidido iniciar la venta de activos y las actividades comerciales de \u00abILVA\u00bb, \u00abAcciaierie d&#8217;Italia\u00bb y las empresas pertenecientes a sus respectivos grupos, con el objetivo de internacionalizar el tejido productivo italiano y nuestros territorios, atrayendo valiosas inversiones extranjeras al Pa\u00eds.<\/p>\n<p style=\"text-align: justify;\">A tal fin, el \u00abMinistero delle Imprese e del Made in Italy\u00bb ha abierto una convocatoria de manifestaciones de inter\u00e9s, disponible en la p\u00e1gina web: <a href=\"https:\/\/www.mimit.gov.it\/it\/notizie-stampa\/ex-ilva-urso-autorizza-pubblicazione-bando-per-manifestazione-di-interesse\">https:\/\/www.mimit.gov.it\/it\/notizie-stampa\/ex-ilva-urso-autorizza-pubblicazione-bando-per-manifestazione-di-interesse<\/a> a la que se remite para toda informaci\u00f3n adicional. Las manifestaciones de inter\u00e9s podr\u00e1n enviarse hasta el 20 de septiembre de 2024.<\/p>\n","protected":false},"excerpt":{"rendered":"El Gobierno italiano ha decidido iniciar la venta de activos y las actividades comerciales de \u00abILVA\u00bb, \u00abAcciaierie d&#8217;Italia\u00bb y las empresas pertenecientes a sus respectivos grupos, con el objetivo de internacionalizar el tejido productivo italiano y nuestros territorios, atrayendo valiosas inversiones extranjeras al Pa\u00eds. A tal fin, el \u00abMinistero delle Imprese e del Made in [&hellip;]","protected":false},"author":5,"featured_media":0,"comment_status":"closed","ping_status":"closed","sticky":false,"template":"","format":"standard","meta":{"footnotes":""},"tags":[],"class_list":["post-4083","post","type-post","status-publish","format-standard","hentry"],"_links":{"self":[{"href":"https:\/\/conscordoba.esteri.it\/es\/wp-json\/wp\/v2\/posts\/4083","targetHints":{"allow":["GET"]}}],"collection":[{"href":"https:\/\/conscordoba.esteri.it\/es\/wp-json\/wp\/v2\/posts"}],"about":[{"href":"https:\/\/conscordoba.esteri.it\/es\/wp-json\/wp\/v2\/types\/post"}],"author":[{"embeddable":true,"href":"https:\/\/conscordoba.esteri.it\/es\/wp-json\/wp\/v2\/users\/5"}],"replies":[{"embeddable":true,"href":"https:\/\/conscordoba.esteri.it\/es\/wp-json\/wp\/v2\/comments?post=4083"}],"version-history":[{"count":3,"href":"https:\/\/conscordoba.esteri.it\/es\/wp-json\/wp\/v2\/posts\/4083\/revisions"}],"predecessor-version":[{"id":4087,"href":"https:\/\/conscordoba.esteri.it\/es\/wp-json\/wp\/v2\/posts\/4083\/revisions\/4087"}],"wp:attachment":[{"href":"https:\/\/conscordoba.esteri.it\/es\/wp-json\/wp\/v2\/media?parent=4083"}],"wp:term":[{"taxonomy":"post_tag","embeddable":true,"href":"https:\/\/conscordoba.esteri.it\/es\/wp-json\/wp\/v2\/tags?post=4083"}],"curies":[{"name":"wp","href":"https:\/\/api.w.org\/{rel}","templated":true}]}}