{"id":4201,"date":"2024-09-12T17:24:28","date_gmt":"2024-09-12T15:24:28","guid":{"rendered":"https:\/\/conscordoba.esteri.it\/?p=4201"},"modified":"2024-09-12T17:27:27","modified_gmt":"2024-09-12T15:27:27","slug":"messaggio-di-saluto-della-console-generale","status":"publish","type":"post","link":"https:\/\/conscordoba.esteri.it\/es\/news\/dal_consolato\/2024\/09\/messaggio-di-saluto-della-console-generale\/","title":{"rendered":"Mensaje de saludo de la C\u00f3nsul General"},"content":{"rendered":"<p><img loading=\"lazy\" decoding=\"async\" class=\"img-fluid alignnone wp-image-4187\" src=\"https:\/\/conscordoba.esteri.it\/wp-content\/uploads\/2024\/09\/Foto-214x300.jpg\" alt=\"\" width=\"364\" height=\"510\" srcset=\"https:\/\/conscordoba.esteri.it\/wp-content\/uploads\/2024\/09\/Foto-214x300.jpg 214w, https:\/\/conscordoba.esteri.it\/wp-content\/uploads\/2024\/09\/Foto-731x1024.jpg 731w, https:\/\/conscordoba.esteri.it\/wp-content\/uploads\/2024\/09\/Foto-768x1076.jpg 768w, https:\/\/conscordoba.esteri.it\/wp-content\/uploads\/2024\/09\/Foto.jpg 914w\" sizes=\"auto, (max-width: 364px) 100vw, 364px\" \/><\/p>\n<p>&nbsp;<\/p>\n<p style=\"text-align: justify;\">Estimadas y estimados connacionales:<\/p>\n<p style=\"text-align: justify;\">Asumo con entusiasmo la funci\u00f3n de C\u00f3nsul General de Italia en C\u00f3rdoba y deseo enviarles mi m\u00e1s c\u00e1lido saludo.<\/p>\n<p style=\"text-align: justify;\">Para m\u00ed, es un gran honor desempe\u00f1ar este prestigioso cargo en una amplia Circunscripci\u00f3n como la nuestra, que incluye a las provincias de C\u00f3rdoba, Santiago del Estero, Tucum\u00e1n, Jujuy, Salta, La Rioja y Catamarca.<\/p>\n<p style=\"text-align: justify;\">Junto al personal del Consulado General me comprometo a realizar los esfuerzos que se requieran para seguir garantizando servicios consulares cada vez m\u00e1s eficientes, \u00e1giles y transparentes y a brindar adecuadas soluciones a las necesidades de los usuarios, como as\u00ed tambi\u00e9n a seguir fortaleciendo a nivel local las relaciones entre Italia y Argentina.<\/p>\n<p style=\"text-align: justify;\">Este Consulado General \u2013 bajo la direcci\u00f3n de nuestra Embajada &#8211; \u00a0continuar\u00e1 la labor de difusi\u00f3n de la lengua y cultura italianas en nuestra circunscripci\u00f3n.<\/p>\n<p style=\"text-align: justify;\">Renovando mis m\u00e1s cordiales saludos, deseo que tengan una buena experiencia al visitar el sitio del Consulado General de Italia en C\u00f3rdoba.<\/p>\n<p style=\"text-align: right;\">Maria Luisa Lapresa<\/p>\n","protected":false},"excerpt":{"rendered":"&nbsp; Estimadas y estimados connacionales: Asumo con entusiasmo la funci\u00f3n de C\u00f3nsul General de Italia en C\u00f3rdoba y deseo enviarles mi m\u00e1s c\u00e1lido saludo. Para m\u00ed, es un gran honor desempe\u00f1ar este prestigioso cargo en una amplia Circunscripci\u00f3n como la nuestra, que incluye a las provincias de C\u00f3rdoba, Santiago del Estero, Tucum\u00e1n, Jujuy, Salta, La [&hellip;]","protected":false},"author":5,"featured_media":0,"comment_status":"closed","ping_status":"closed","sticky":false,"template":"","format":"standard","meta":{"footnotes":""},"tags":[],"class_list":["post-4201","post","type-post","status-publish","format-standard","hentry"],"_links":{"self":[{"href":"https:\/\/conscordoba.esteri.it\/es\/wp-json\/wp\/v2\/posts\/4201","targetHints":{"allow":["GET"]}}],"collection":[{"href":"https:\/\/conscordoba.esteri.it\/es\/wp-json\/wp\/v2\/posts"}],"about":[{"href":"https:\/\/conscordoba.esteri.it\/es\/wp-json\/wp\/v2\/types\/post"}],"author":[{"embeddable":true,"href":"https:\/\/conscordoba.esteri.it\/es\/wp-json\/wp\/v2\/users\/5"}],"replies":[{"embeddable":true,"href":"https:\/\/conscordoba.esteri.it\/es\/wp-json\/wp\/v2\/comments?post=4201"}],"version-history":[{"count":5,"href":"https:\/\/conscordoba.esteri.it\/es\/wp-json\/wp\/v2\/posts\/4201\/revisions"}],"predecessor-version":[{"id":4215,"href":"https:\/\/conscordoba.esteri.it\/es\/wp-json\/wp\/v2\/posts\/4201\/revisions\/4215"}],"wp:attachment":[{"href":"https:\/\/conscordoba.esteri.it\/es\/wp-json\/wp\/v2\/media?parent=4201"}],"wp:term":[{"taxonomy":"post_tag","embeddable":true,"href":"https:\/\/conscordoba.esteri.it\/es\/wp-json\/wp\/v2\/tags?post=4201"}],"curies":[{"name":"wp","href":"https:\/\/api.w.org\/{rel}","templated":true}]}}