{"id":4725,"date":"2024-11-27T12:19:18","date_gmt":"2024-11-27T11:19:18","guid":{"rendered":"https:\/\/conscordoba.esteri.it\/?p=4725"},"modified":"2024-11-27T17:36:11","modified_gmt":"2024-11-27T16:36:11","slug":"funcionario-itinerante-para-la-emision-del-pasaporte-rio-cuarto-diciembre-2024-para-residentes-en-los-departamentos-de-rio-cuarto-juarez-celman-presidente-roque-saenz-pena-y-gen","status":"publish","type":"post","link":"https:\/\/conscordoba.esteri.it\/es\/news\/dal_consolato\/2024\/11\/funcionario-itinerante-para-la-emision-del-pasaporte-rio-cuarto-diciembre-2024-para-residentes-en-los-departamentos-de-rio-cuarto-juarez-celman-presidente-roque-saenz-pena-y-gen\/","title":{"rendered":"FUNCIONARIO ITINERANTE PARA LA EMISI\u00d3N DEL PASAPORTE \u2013 R\u00edo Cuarto \u2013 Diciembre 2024 (para residentes en los Departamentos de R\u00edo Cuarto, Ju\u00e1rez Celman, Presidente Roque S\u00e1enz Pe\u00f1a y General Roca)."},"content":{"rendered":"<div style=\"text-align: justify;\"><span style=\"font-family: Calibri,sans-serif; font-size: small;\"><span style=\"font-family: Times New Roman,serif; font-size: medium;\"><span lang=\"es-AR\">Se informa que la habilitaci\u00f3n de turnos de la pr\u00f3xima misi\u00f3n del funcionario itinerante en la ciudad de R\u00edo Cuarto, para la emisi\u00f3n\/renovaci\u00f3n del pasaporte, dirigida a los ciudadanos residentes en los Departamentos de<\/span><\/span><span style=\"font-family: Times New Roman,serif; font-size: medium;\"><span lang=\"es-AR\"><b>\u00a0R\u00edo Cuarto, Ju\u00e1rez Celman, Presidente Roque S\u00e1enz Pe\u00f1a<\/b><\/span><\/span><span style=\"font-family: Times New Roman,serif; font-size: medium;\"><span lang=\"es-AR\">\u00a0y<\/span><\/span><span style=\"font-family: Times New Roman,serif; font-size: medium;\"><span lang=\"es-AR\"><b>\u00a0General Roca<\/b><\/span><\/span><span style=\"font-family: Times New Roman,serif; font-size: medium;\"><span lang=\"es-AR\">, ser\u00e1 el pr\u00f3ximo lunes 02 de diciembre de 2024. La convocaci\u00f3n estar\u00e1 dirigida \u00fanicamente a las personas residentes en los departamentos antes mencionados.<\/span><\/span><\/span><\/div>\n<div><\/div>\n<div style=\"text-align: justify;\"><span style=\"font-family: Calibri,sans-serif; font-size: small;\"><span style=\"font-family: Times New Roman,serif; font-size: medium;\"><span lang=\"es-AR\">Los turnos se podr\u00e1n reservar \u00a0<\/span><\/span><span style=\"font-family: Times New Roman,serif; font-size: medium;\"><span lang=\"es-AR\"><b>solamente v\u00eda e-mail mediante la direcci\u00f3n<\/b><\/span><\/span><span lang=\"es-AR\">\u00a0<\/span><a href=\"mailto:cordoba.passportinoa@esteri.it\" target=\"_blank\" rel=\"noopener noreferrer\"><span style=\"color: blue; font-family: Times New Roman,serif; font-size: medium;\"><span lang=\"es-AR\"><b>cordoba.passportinoa@esteri.it<\/b><\/span><\/span><\/a><span style=\"font-family: Times New Roman,serif; font-size: medium;\"><span lang=\"es-AR\"><b>\u00a0desde las\u00a010:00 hasta las 18:00 hs del d\u00eda lunes 02 diciembre de 2024<\/b><\/span><\/span><span style=\"font-family: Times New Roman,serif; font-size: medium;\"><span lang=\"es-AR\">.<\/span><\/span><\/span><\/div>\n<div><\/div>\n<div style=\"text-align: justify;\"><span style=\"font-family: Calibri,sans-serif; font-size: small;\"><span style=\"font-family: Times New Roman,serif; font-size: medium;\"><span lang=\"es-AR\">A tal fin, deber\u00e1 indicar en el asunto del e-mail\u00a0<\/span><\/span><span style=\"font-family: Times New Roman,serif; font-size: medium;\"><span lang=\"es-AR\"><b>\u201cMisi\u00f3n Itinerante R\u00edo Cuarto \u2013 diciembre 2024\u201d<\/b><\/span><\/span><span style=\"font-family: Times New Roman,serif; font-size: medium;\"><span lang=\"es-AR\">\u00a0y el nombre del solicitante.<\/span><\/span><\/span><\/div>\n<div style=\"text-align: justify;\"><span style=\"font-family: Calibri,sans-serif; font-size: small;\"><span style=\"font-family: Times New Roman,serif; font-size: medium;\"><span lang=\"es-AR\">Adem\u00e1s, deber\u00e1 adjuntar el\u00a0<\/span><\/span><span style=\"font-family: Times New Roman,serif; font-size: medium;\"><span lang=\"es-AR\"><b>formulario de solicitud de turno y el documento de identidad<\/b><\/span><\/span><span style=\"font-family: Times New Roman,serif; font-size: medium;\"><span lang=\"es-AR\">\u00a0<\/span><\/span><span style=\"font-family: Times New Roman,serif; font-size: medium;\"><span lang=\"es-AR\"><b>v\u00e1lido<\/b><\/span><\/span><span style=\"font-family: Times New Roman,serif; font-size: medium;\"><span lang=\"es-AR\">\u00a0<\/span><\/span><span style=\"font-family: Times New Roman,serif; font-size: medium;\"><span lang=\"es-AR\"><b>(frente y dorso DNI)<\/b><\/span><\/span><span style=\"font-family: Times New Roman,serif; font-size: medium;\"><span lang=\"es-AR\">, todo escaneado en un \u00fanico PDF.<\/span><\/span><\/span><\/div>\n<div><\/div>\n<div style=\"text-align: justify;\"><span style=\"font-family: Calibri,sans-serif; font-size: small;\"><span style=\"font-family: Times New Roman,serif; font-size: medium;\"><span lang=\"es-AR\">Posteriormente, la Oficina de Pasaportes se pondr\u00e1 en contacto con el interesado v\u00eda e-mail para brindarle mayor informaci\u00f3n acerca del procedimiento a seguir.<\/span><\/span><\/span><\/div>\n<div><\/div>\n<div style=\"text-align: justify;\"><span style=\"font-family: Calibri,sans-serif; font-size: small;\"><span style=\"font-family: Times New Roman,serif;\"><span lang=\"es-AR\">SE COMUNICA, A SU VEZ, QUE\u00a0SE TOMAR\u00c1N EN CUENTA \u00daNICAMENTE LAS PRIMERAS 250 SOLICITUDES DE LOS USUARIOS QUE TENGAN SUS DATOS REGULARMENTE ACTUALIZADOS EN NUESTRO REGISTRO CONSULAR. LOS E-MAILS ENVIADOS ANTES DE LAS 10:00 HS O DESPU\u00c8S DE LAS 18:00 HS DEL D\u00cdA LUNES 2 DE DICIEMBRE 2024 NO SER\u00c1N INCLUIDAS EN LA CONVOCATORIA.<\/span><\/span><\/span><\/div>\n<div><\/div>\n<div style=\"text-align: justify;\"><span style=\"font-family: Calibri,sans-serif; font-size: small;\"><span style=\"font-family: Times New Roman,serif; font-size: medium;\">Para descargar el formulario de solicitud de turno, haga click aqu\u00ed:\u00a0<\/span><span style=\"font-family: Times New Roman,serif; font-size: medium;\"><b> <a href=\"https:\/\/conscordoba.esteri.it\/wp-content\/uploads\/2024\/11\/FORMULARIO-RICHIESTA-TURNO-FUNZIONARIO-ITINERANTE.pdf\">Formulario de solicitud<\/a><\/b><\/span><\/span><\/div>\n","protected":false},"excerpt":{"rendered":"Se informa que la habilitaci\u00f3n de turnos de la pr\u00f3xima misi\u00f3n del funcionario itinerante en la ciudad de R\u00edo Cuarto, para la emisi\u00f3n\/renovaci\u00f3n del pasaporte, dirigida a los ciudadanos residentes en los Departamentos de\u00a0R\u00edo Cuarto, Ju\u00e1rez Celman, Presidente Roque S\u00e1enz Pe\u00f1a\u00a0y\u00a0General Roca, ser\u00e1 el pr\u00f3ximo lunes 02 de diciembre de 2024. La convocaci\u00f3n estar\u00e1 dirigida [&hellip;]","protected":false},"author":5,"featured_media":0,"comment_status":"closed","ping_status":"closed","sticky":false,"template":"","format":"standard","meta":{"footnotes":""},"tags":[],"class_list":["post-4725","post","type-post","status-publish","format-standard","hentry"],"_links":{"self":[{"href":"https:\/\/conscordoba.esteri.it\/es\/wp-json\/wp\/v2\/posts\/4725","targetHints":{"allow":["GET"]}}],"collection":[{"href":"https:\/\/conscordoba.esteri.it\/es\/wp-json\/wp\/v2\/posts"}],"about":[{"href":"https:\/\/conscordoba.esteri.it\/es\/wp-json\/wp\/v2\/types\/post"}],"author":[{"embeddable":true,"href":"https:\/\/conscordoba.esteri.it\/es\/wp-json\/wp\/v2\/users\/5"}],"replies":[{"embeddable":true,"href":"https:\/\/conscordoba.esteri.it\/es\/wp-json\/wp\/v2\/comments?post=4725"}],"version-history":[{"count":3,"href":"https:\/\/conscordoba.esteri.it\/es\/wp-json\/wp\/v2\/posts\/4725\/revisions"}],"predecessor-version":[{"id":4738,"href":"https:\/\/conscordoba.esteri.it\/es\/wp-json\/wp\/v2\/posts\/4725\/revisions\/4738"}],"wp:attachment":[{"href":"https:\/\/conscordoba.esteri.it\/es\/wp-json\/wp\/v2\/media?parent=4725"}],"wp:term":[{"taxonomy":"post_tag","embeddable":true,"href":"https:\/\/conscordoba.esteri.it\/es\/wp-json\/wp\/v2\/tags?post=4725"}],"curies":[{"name":"wp","href":"https:\/\/api.w.org\/{rel}","templated":true}]}}