{"id":4881,"date":"2025-01-07T18:41:44","date_gmt":"2025-01-07T17:41:44","guid":{"rendered":"https:\/\/conscordoba.esteri.it\/?p=4881"},"modified":"2025-01-07T18:42:15","modified_gmt":"2025-01-07T17:42:15","slug":"habilitacion-de-turnos-para-la-emision-del-pasaporte-residentes-ciudad-de-cordoba-enero-2025","status":"publish","type":"post","link":"https:\/\/conscordoba.esteri.it\/es\/news\/dal_consolato\/2025\/01\/habilitacion-de-turnos-para-la-emision-del-pasaporte-residentes-ciudad-de-cordoba-enero-2025\/","title":{"rendered":"HABILITACI\u00d3N DE TURNOS PARA LA EMISI\u00d3N DEL PASAPORTE \u2013 RESIDENTES CIUDAD DE C\u00d3RDOBA \u2013 ENERO 2025"},"content":{"rendered":"<div style=\"text-align: justify;\" align=\"justify\"><span style=\"font-family: Calibri,sans-serif; font-size: small;\"><span style=\"font-family: Times New Roman,serif; font-size: medium;\"><span lang=\"es-AR\">Les informamos que se habilitar\u00e1n turnos para la emisi\u00f3n del pasaporte, dirigidos\u00a0<\/span><\/span><span style=\"font-family: Times New Roman,serif; font-size: medium;\"><span lang=\"es-AR\"><b>exclusivamente a personas residentes en la Ciudad de C\u00f3rdoba Capital<\/b><\/span><\/span><span style=\"font-family: Times New Roman,serif; font-size: medium;\"><span lang=\"es-AR\">.<\/span><\/span><\/span><\/div>\n<div style=\"text-align: justify;\" align=\"justify\"><span style=\"font-family: Calibri,sans-serif; font-size: small;\"><span style=\"font-family: Times New Roman,serif; font-size: medium;\"><span lang=\"es-AR\">\u00a0<\/span><\/span><\/span><\/div>\n<div style=\"text-align: justify;\" align=\"justify\"><span style=\"font-family: Calibri,sans-serif; font-size: small;\"><span style=\"font-family: Times New Roman,serif; font-size: medium;\"><span lang=\"es-AR\">Los turnos solo se podr\u00e1n reservar enviando un e-mail a la direcci\u00f3n de correo electr\u00f3nico:\u00a0<\/span><\/span><a href=\"mailto:cordoba.passaporticentro@esteri.it\" target=\"_blank\" rel=\"noopener noreferrer\"><span style=\"font-family: Times New Roman,serif; font-size: medium;\"><span lang=\"es-AR\">cordoba.passaporticentro@esteri.it<\/span><\/span><\/a><span style=\"font-family: Times New Roman,serif; font-size: medium;\"><span lang=\"es-AR\">\u00a0de 10:00 a 12:00 horas del lunes 13 de enero de 2025.<\/span><\/span><\/span><\/div>\n<div style=\"text-align: justify;\" align=\"justify\"><span style=\"font-family: Calibri,sans-serif; font-size: small;\"><span style=\"font-family: Times New Roman,serif; font-size: medium;\"><span lang=\"es-AR\">\u00a0<\/span><\/span><\/span><\/div>\n<div style=\"text-align: justify;\" align=\"justify\"><span style=\"font-family: Calibri,sans-serif; font-size: small;\"><span style=\"font-family: Times New Roman,serif; font-size: medium;\"><span lang=\"es-AR\">Ser\u00e1 necesario indicar en el asunto del mail:\u00a0<\/span><\/span><span style=\"font-family: Times New Roman,serif; font-size: medium;\"><span lang=\"es-AR\"><b>\u00abTurnos extraordinarios C\u00d3RDOBA \u2013 ENERO 2025 + el nombre del solicitante\u00bb<\/b><\/span><\/span><span style=\"font-family: Times New Roman,serif; font-size: medium;\"><span lang=\"es-AR\">.<\/span><\/span><\/span><\/div>\n<div style=\"text-align: justify;\" align=\"justify\"><span style=\"font-family: Calibri,sans-serif; font-size: small;\"><span lang=\"es-AR\">\u00a0<\/span><\/span><\/div>\n<div style=\"text-align: justify;\" align=\"justify\"><span style=\"font-family: Calibri,sans-serif; font-size: small;\"><span style=\"font-family: Times New Roman,serif; font-size: medium;\"><span lang=\"es-AR\">Se deber\u00e1 adjuntar (ambos escaneados en un archivo PDF):<\/span><\/span><\/span><\/div>\n<div style=\"text-align: justify;\" align=\"justify\"><span style=\"font-family: Calibri,sans-serif; font-size: small;\"><span style=\"font-size: medium;\"><span lang=\"es-AR\">&#8211;<\/span><\/span><span lang=\"es-AR\">\u00a0\u00a0\u00a0\u00a0\u00a0\u00a0\u00a0\u00a0\u00a0\u00a0<\/span><span style=\"font-family: Times New Roman,serif; font-size: medium;\"><span lang=\"es-AR\">formulario de solicitud de turno.<\/span><\/span><\/span><\/div>\n<div style=\"text-align: justify;\" align=\"justify\"><span style=\"font-family: Calibri,sans-serif; font-size: small;\"><span style=\"font-size: medium;\"><span lang=\"es-AR\">&#8211;<\/span><\/span><span lang=\"es-AR\">\u00a0\u00a0\u00a0\u00a0\u00a0\u00a0\u00a0\u00a0\u00a0\u00a0<\/span><span style=\"font-family: Times New Roman,serif; font-size: medium;\"><span lang=\"es-AR\">copia del documento de identidad (DNI), frente y dorso.<\/span><\/span><\/span><\/div>\n<div style=\"text-align: justify;\" align=\"justify\"><span style=\"font-family: Calibri,sans-serif; font-size: small;\"><span style=\"font-family: Times New Roman,serif; font-size: medium;\"><span lang=\"es-AR\">\u00a0<\/span><\/span><\/span><\/div>\n<div style=\"text-align: justify;\" align=\"justify\"><span style=\"font-family: Calibri,sans-serif; font-size: small;\"><span style=\"font-family: Times New Roman,serif; font-size: medium;\"><span lang=\"es-AR\"><b>Es necesario rellenar de manera completa el formulario<\/b><\/span><\/span><span style=\"font-family: Times New Roman,serif; font-size: medium;\"><span lang=\"es-AR\">, completando todos los campos indicados (por ejemplo, estado civil, cantidad de hijos menores, domicilio) y adjuntando los DNI de los solicitantes (incluyendo el de ambos progenitores, en caso de solicitar turno para hijos menores). Se enfatiza que, en caso de que la solicitud no cuente con todos los datos completos, el turno podr\u00eda no ser otorgado.<\/span><\/span><\/span><\/div>\n<div style=\"text-align: justify;\" align=\"justify\"><span style=\"font-family: Calibri,sans-serif; font-size: small;\"><span style=\"font-family: Times New Roman,serif; font-size: medium;\"><span lang=\"es-AR\">\u00a0<\/span><\/span><\/span><\/div>\n<div style=\"text-align: justify;\" align=\"justify\"><span style=\"font-family: Calibri,sans-serif; font-size: small;\"><span style=\"font-family: Times New Roman,serif; font-size: medium;\"><span lang=\"es-AR\">Se especifica que se tomar\u00e1n en cuenta \u00fanicamente las solicitudes de los usuarios que tengan\u00a0<\/span><\/span><span style=\"font-family: Times New Roman,serif; font-size: medium;\"><span lang=\"es-AR\"><b>sus datos de residencia y de estado civil regularmente actualizados<\/b><\/span><\/span><span style=\"font-family: Times New Roman,serif; font-size: medium;\"><span lang=\"es-AR\">\u00a0en nuestro registro consular.<\/span><\/span><\/span><\/div>\n<div style=\"text-align: justify;\" align=\"justify\"><span style=\"font-family: Calibri,sans-serif; font-size: small;\"><span style=\"font-family: Times New Roman,serif; font-size: medium;\"><span lang=\"es-AR\">\u00a0<\/span><\/span><\/span><\/div>\n<div style=\"text-align: justify;\" align=\"justify\"><span style=\"font-family: Calibri,sans-serif; font-size: small;\"><span style=\"font-family: Times New Roman,serif; font-size: medium;\"><span lang=\"es-AR\">Finalizada la fase de revisi\u00f3n de la documentaci\u00f3n, la Oficina de Pasaportes se pondr\u00e1 en contacto con el interesado por e-mail, para brindarle informaci\u00f3n acerca de c\u00f3mo obtener el pasaporte.<\/span><\/span><\/span><\/div>\n<div style=\"text-align: justify;\" align=\"justify\"><span style=\"font-family: Calibri,sans-serif; font-size: small;\"><span style=\"font-family: Times New Roman,serif; font-size: medium;\"><span lang=\"es-AR\">\u00a0<\/span><\/span><\/span><\/div>\n<div style=\"text-align: justify;\" align=\"justify\"><span style=\"font-family: Calibri,sans-serif; font-size: small;\"><span style=\"font-family: Times New Roman,serif; font-size: medium;\"><span lang=\"es-AR\">LAS SOLICITUDES SE PROCESAR\u00c1N SEG\u00daN EL ESTRICTO ORDEN CRONOL\u00d3GICO EN EL CUAL SON RECIBIDAS.<\/span><\/span><\/span><\/div>\n<div align=\"justify\"><\/div>\n<div align=\"justify\"><span style=\"font-family: Calibri,sans-serif; font-size: small;\"><span style=\"font-family: Times New Roman,serif; font-size: medium;\"><span lang=\"es-AR\">LOS CORREOS ELECTR\u00d3NICOS ENVIADOS ANTES DE LAS 10:00 HS Y DESPU\u00c9S DE LAS 12:00 HS DEL D\u00cdA 13 DE ENERO 2025 NO SE TENDR\u00c1N EN CUENTA.<\/span><\/span><\/span><\/div>\n<div style=\"text-align: justify;\" align=\"justify\"><span style=\"font-family: Calibri,sans-serif; font-size: small;\"><span style=\"font-family: Times New Roman,serif; font-size: medium;\"><span lang=\"es-AR\">\u00a0<\/span><\/span><\/span><\/div>\n<div style=\"text-align: justify;\" align=\"justify\"><span style=\"font-family: Calibri,sans-serif; font-size: small;\"><span style=\"font-family: Times New Roman,serif; font-size: medium;\"><span lang=\"es-AR\">Haga clic\u00a0<\/span><\/span><a href=\"https:\/\/conscordoba.esteri.it\/wp-content\/uploads\/2024\/08\/Formulario-turni-straordinari-Cordoba_AGOSTO-2024.pdf\" target=\"_blank\" rel=\"noopener noreferrer\"><span style=\"font-family: Times New Roman,serif; font-size: medium;\"><span lang=\"es-AR\">AQU\u00cd<\/span><\/span><\/a><span style=\"font-family: Times New Roman,serif; font-size: medium;\"><span lang=\"es-AR\">\u00a0para descargar el formulario de solicitud.<\/span><\/span><\/span><\/div>\n","protected":false},"excerpt":{"rendered":"Les informamos que se habilitar\u00e1n turnos para la emisi\u00f3n del pasaporte, dirigidos\u00a0exclusivamente a personas residentes en la Ciudad de C\u00f3rdoba Capital. \u00a0 Los turnos solo se podr\u00e1n reservar enviando un e-mail a la direcci\u00f3n de correo electr\u00f3nico:\u00a0cordoba.passaporticentro@esteri.it\u00a0de 10:00 a 12:00 horas del lunes 13 de enero de 2025. \u00a0 Ser\u00e1 necesario indicar en el asunto [&hellip;]","protected":false},"author":5,"featured_media":0,"comment_status":"closed","ping_status":"closed","sticky":false,"template":"","format":"standard","meta":{"footnotes":""},"tags":[],"class_list":["post-4881","post","type-post","status-publish","format-standard","hentry"],"_links":{"self":[{"href":"https:\/\/conscordoba.esteri.it\/es\/wp-json\/wp\/v2\/posts\/4881","targetHints":{"allow":["GET"]}}],"collection":[{"href":"https:\/\/conscordoba.esteri.it\/es\/wp-json\/wp\/v2\/posts"}],"about":[{"href":"https:\/\/conscordoba.esteri.it\/es\/wp-json\/wp\/v2\/types\/post"}],"author":[{"embeddable":true,"href":"https:\/\/conscordoba.esteri.it\/es\/wp-json\/wp\/v2\/users\/5"}],"replies":[{"embeddable":true,"href":"https:\/\/conscordoba.esteri.it\/es\/wp-json\/wp\/v2\/comments?post=4881"}],"version-history":[{"count":2,"href":"https:\/\/conscordoba.esteri.it\/es\/wp-json\/wp\/v2\/posts\/4881\/revisions"}],"predecessor-version":[{"id":4885,"href":"https:\/\/conscordoba.esteri.it\/es\/wp-json\/wp\/v2\/posts\/4881\/revisions\/4885"}],"wp:attachment":[{"href":"https:\/\/conscordoba.esteri.it\/es\/wp-json\/wp\/v2\/media?parent=4881"}],"wp:term":[{"taxonomy":"post_tag","embeddable":true,"href":"https:\/\/conscordoba.esteri.it\/es\/wp-json\/wp\/v2\/tags?post=4881"}],"curies":[{"name":"wp","href":"https:\/\/api.w.org\/{rel}","templated":true}]}}