{"id":4968,"date":"2025-01-24T14:17:47","date_gmt":"2025-01-24T13:17:47","guid":{"rendered":"https:\/\/conscordoba.esteri.it\/?p=4968"},"modified":"2025-01-24T14:18:53","modified_gmt":"2025-01-24T13:18:53","slug":"funcionario-itinerante-para-la-emision-del-pasaporte-san-francisco-marzo-2025-para-residentes-de-los-departamentos-san-justo-rio-seco-sobremonte-tulumba-e-rio-primero","status":"publish","type":"post","link":"https:\/\/conscordoba.esteri.it\/es\/news\/dal_consolato\/2025\/01\/funcionario-itinerante-para-la-emision-del-pasaporte-san-francisco-marzo-2025-para-residentes-de-los-departamentos-san-justo-rio-seco-sobremonte-tulumba-e-rio-primero\/","title":{"rendered":"FUNCIONARIO ITINERANTE PARA LA EMISI\u00d3N DEL PASAPORTE \u2013 San Francisco \u2013 marzo 2025 \u2013 (para residentes de los departamentos San Justo, Rio Seco, Sobremonte, Tulumba e Rio Primero)"},"content":{"rendered":"<p class=\"x_MsoNoSpacing\" style=\"text-align: justify;\"><span lang=\"ES-AR\">Se informa que la habilitaci\u00f3n de turnos de la pr\u00f3xima misi\u00f3n del funcionario itinerante en la ciudad de San Francisco, para la emisi\u00f3n\/renovaci\u00f3n del pasaporte, dirigida a los ciudadanos residentes en los<\/span><span lang=\"ES-AR\">\u00a0<\/span><span lang=\"ES-AR\">departamentos San Justo, Rio Seco, Sobremonte, Tulumba e Rio Primero, ser\u00e1 el pr\u00f3ximo martes 28 de enero 2025. La convocaci\u00f3n estar\u00e1 dirigida \u00fanicamente a las personas residentes en los departamentos antes mencionados.<\/span><\/p>\n<p class=\"x_MsoNoSpacing\" style=\"text-align: justify;\"><span lang=\"ES-AR\">Los turnos se podr\u00e1n reservar \u00a0<b>solamente v\u00eda e-mail mediante la direcci\u00f3n<\/b><\/span><span lang=\"ES-AR\">\u00a0<\/span><a href=\"mailto:cordoba.passportinoa@esteri.it\" target=\"_blank\" rel=\"noopener noreferrer\"><b><span lang=\"ES-AR\">cordoba.passportinoa@esteri.it<\/span><\/b><\/a><b><span lang=\"ES-AR\">\u00a0desde las\u00a010:00 hasta las 18:00 horas del d\u00eda martes 28 de enero 2025<\/span><\/b><span lang=\"ES-AR\">.<\/span><\/p>\n<p class=\"x_MsoNoSpacing\" style=\"text-align: justify;\"><span lang=\"ES-AR\">A tal fin, deber\u00e1 indicar en el asunto del e-mail\u00a0<b>\u201cMisi\u00f3n Itinerante San Francisco \u2013marzo 2025\u201d<\/b>\u00a0y el nombre del solicitante.<\/span><\/p>\n<p class=\"x_MsoNoSpacing\" style=\"text-align: justify;\"><span lang=\"ES-AR\">Adem\u00e1s, deber\u00e1 adjuntar en un \u00fanico archivo PDF:<\/span><\/p>\n<p class=\"x_MsoNoSpacing\" style=\"text-align: justify;\"><b><span lang=\"ES-AR\">&#8211; el documento de identidad<\/span><\/b><span lang=\"ES-AR\">\u00a0<b>v\u00e1lido (DNI)\u00a0<\/b>del interesado, frente y dorso, (en caso de solicitar un turno para hijo\/a menor, adjunte tambi\u00e9n los documentos de identidad de ambos progenitores);<b><\/b><\/span><\/p>\n<p class=\"x_MsoNoSpacing\" style=\"text-align: justify;\"><span lang=\"ES-AR\">&#8211;<b>\u00a0el<\/b>\u00a0<b>formulario de solicitud de turno,\u00a0<\/b>completo en todos sus campos (por ejemplo, estado civil, cantidad de hijos menores, domicilio). En caso de presentar la solicitud incompleta y\/o sin firma ol\u00f3grafa, o de no adjuntar un documento de identidad, el turno podr\u00eda no ser otorgado.<\/span><\/p>\n<p class=\"x_MsoNoSpacing\" style=\"text-align: justify;\"><span lang=\"ES-AR\">Posteriormente, la Oficina de Pasaportes se pondr\u00e1 en contacto con el interesado v\u00eda e-mail para brindarle mayor informaci\u00f3n acerca del procedimiento a seguir.<\/span><\/p>\n<p class=\"x_MsoNoSpacing\" style=\"text-align: justify;\"><span lang=\"ES-AR\">Se comunica, a su vez, que\u00a0<u>se tomar\u00e1n en cuenta \u00fanicamente las solicitudes de los usuarios que tengan sus datos regularmente actualizados en nuestro registro consular.<\/u><\/span><\/p>\n<p class=\"x_MsoNoSpacing\" style=\"text-align: justify;\"><b><span lang=\"ES-AR\">LOS E-MAILS ENVIADOS ANTES DE LAS 10:00 HS O DESPU\u00c8S DE LAS 18:00 HS DEL D\u00cdA MARTES 28 DE ENERO 2025 NO SER\u00c1N INCLUIDOS EN LA CONVOCATORIA.<\/span><\/b><\/p>\n<p class=\"x_MsoNoSpacing\" style=\"text-align: justify;\"><span lang=\"ES-AR\">Para descargar el formulario de solicitud de turno, haga click aqu\u00ed:\u00a0<\/span><a href=\"https:\/\/conscordoba.esteri.it\/wp-content\/uploads\/2023\/12\/FORMULARIO-RICHIESTA-TURNO-FUNZIONARIO-ITINERANTE.pdf\" target=\"_blank\" rel=\"noopener noreferrer\"><b><span lang=\"ES-AR\">Formulario<\/span><\/b><\/a><b><u><span lang=\"ES-AR\">\u00a0de Solicitud<\/span><\/u><\/b><\/p>\n","protected":false},"excerpt":{"rendered":"Se informa que la habilitaci\u00f3n de turnos de la pr\u00f3xima misi\u00f3n del funcionario itinerante en la ciudad de San Francisco, para la emisi\u00f3n\/renovaci\u00f3n del pasaporte, dirigida a los ciudadanos residentes en los\u00a0departamentos San Justo, Rio Seco, Sobremonte, Tulumba e Rio Primero, ser\u00e1 el pr\u00f3ximo martes 28 de enero 2025. La convocaci\u00f3n estar\u00e1 dirigida \u00fanicamente a [&hellip;]","protected":false},"author":5,"featured_media":0,"comment_status":"closed","ping_status":"closed","sticky":false,"template":"","format":"standard","meta":{"footnotes":""},"tags":[],"class_list":["post-4968","post","type-post","status-publish","format-standard","hentry"],"_links":{"self":[{"href":"https:\/\/conscordoba.esteri.it\/es\/wp-json\/wp\/v2\/posts\/4968","targetHints":{"allow":["GET"]}}],"collection":[{"href":"https:\/\/conscordoba.esteri.it\/es\/wp-json\/wp\/v2\/posts"}],"about":[{"href":"https:\/\/conscordoba.esteri.it\/es\/wp-json\/wp\/v2\/types\/post"}],"author":[{"embeddable":true,"href":"https:\/\/conscordoba.esteri.it\/es\/wp-json\/wp\/v2\/users\/5"}],"replies":[{"embeddable":true,"href":"https:\/\/conscordoba.esteri.it\/es\/wp-json\/wp\/v2\/comments?post=4968"}],"version-history":[{"count":1,"href":"https:\/\/conscordoba.esteri.it\/es\/wp-json\/wp\/v2\/posts\/4968\/revisions"}],"predecessor-version":[{"id":4969,"href":"https:\/\/conscordoba.esteri.it\/es\/wp-json\/wp\/v2\/posts\/4968\/revisions\/4969"}],"wp:attachment":[{"href":"https:\/\/conscordoba.esteri.it\/es\/wp-json\/wp\/v2\/media?parent=4968"}],"wp:term":[{"taxonomy":"post_tag","embeddable":true,"href":"https:\/\/conscordoba.esteri.it\/es\/wp-json\/wp\/v2\/tags?post=4968"}],"curies":[{"name":"wp","href":"https:\/\/api.w.org\/{rel}","templated":true}]}}