{"id":4995,"date":"2025-02-05T17:25:42","date_gmt":"2025-02-05T16:25:42","guid":{"rendered":"https:\/\/conscordoba.esteri.it\/?p=4995"},"modified":"2025-02-05T17:25:32","modified_gmt":"2025-02-05T16:25:32","slug":"funcionario-itinerante-para-la-emision-del-pasaporte-colonia-caroya-marzo-2025-para-residentes-de-los-departamentos-colon-totoral-punilla-pocho-san-alberto-y-san-jav","status":"publish","type":"post","link":"https:\/\/conscordoba.esteri.it\/es\/news\/dal_consolato\/2025\/02\/funcionario-itinerante-para-la-emision-del-pasaporte-colonia-caroya-marzo-2025-para-residentes-de-los-departamentos-colon-totoral-punilla-pocho-san-alberto-y-san-jav\/","title":{"rendered":"FUNCIONARIO ITINERANTE PARA LA EMISI\u00d3N DEL PASAPORTE \u2013 Colonia Caroya \u2013 marzo 2025 \u2013 (para residentes de los departamentos Col\u00f3n, Totoral, Punilla, Pocho, San Alberto y San Javier)"},"content":{"rendered":"<div align=\"justify\"><span style=\"font-family: Calibri,sans-serif; font-size: small;\"><span style=\"font-family: Times New Roman,serif; font-size: large;\"><span lang=\"es-AR\">Se informa que la habilitaci\u00f3n de turnos de la pr\u00f3xima misi\u00f3n del funcionario itinerante en la ciudad de Colonia Caroya, para la emisi\u00f3n\/renovaci\u00f3n del pasaporte, dirigida a los ciudadanos residentes en los<\/span><\/span><span style=\"font-family: Times New Roman,serif; font-size: large;\"><span lang=\"es-AR\">\u00a0<\/span><\/span><span style=\"font-family: Times New Roman,serif; font-size: large;\"><span lang=\"es-AR\">departamentos<\/span><\/span><span lang=\"es-AR\">\u00a0<\/span><span style=\"font-family: Times New Roman,serif; font-size: large;\"><span lang=\"es-AR\">Col\u00f3n, Totoral, Punilla, Pocho, San Alberto y San Javier, ser\u00e1 el pr\u00f3ximo lunes 10 de febrero 2025. La convocaci\u00f3n estar\u00e1 dirigida \u00fanicamente a las personas residentes en los departamentos antes mencionados.<\/span><\/span><\/span><\/div>\n<div align=\"justify\"><span style=\"font-family: Calibri,sans-serif; font-size: small;\"><span style=\"font-family: Times New Roman,serif; font-size: large;\"><span lang=\"es-AR\">\u00a0<\/span><\/span><\/span><\/div>\n<div align=\"justify\"><span style=\"font-family: Calibri,sans-serif; font-size: small;\"><span style=\"font-family: Times New Roman,serif; font-size: large;\"><span lang=\"es-AR\">Los turnos se podr\u00e1n reservar \u00a0<\/span><\/span><span style=\"font-family: Times New Roman,serif; font-size: large;\"><span lang=\"es-AR\"><b>solamente v\u00eda e-mail mediante la direcci\u00f3n<\/b><\/span><\/span><span style=\"font-family: Times New Roman,serif; font-size: large;\"><span lang=\"es-AR\">\u00a0<\/span><\/span><a href=\"mailto:cordoba.passportinoa@esteri.it\" target=\"_blank\" rel=\"noopener noreferrer\"><span style=\"color: blue; font-family: Times New Roman,serif; font-size: large;\"><span lang=\"es-AR\"><b>cordoba.passportinoa@esteri.it<\/b><\/span><\/span><\/a><span style=\"font-family: Times New Roman,serif; font-size: large;\"><span lang=\"es-AR\"><b>\u00a0desde las\u00a010:00 hasta las 18:00 horas del d\u00eda lunes 10 de febrero 2025<\/b><\/span><\/span><span style=\"font-family: Times New Roman,serif; font-size: large;\"><span lang=\"es-AR\">.<\/span><\/span><\/span><\/div>\n<div align=\"justify\"><span style=\"font-family: Calibri,sans-serif; font-size: small;\"><span style=\"font-family: Times New Roman,serif; font-size: large;\"><span lang=\"es-AR\">\u00a0<\/span><\/span><\/span><\/div>\n<div align=\"justify\"><span style=\"font-family: Calibri,sans-serif; font-size: small;\"><span style=\"font-family: Times New Roman,serif; font-size: large;\"><span lang=\"es-AR\">A tal fin, deber\u00e1 indicar en el asunto del e-mail\u00a0<\/span><\/span><span style=\"font-family: Times New Roman,serif; font-size: large;\"><span lang=\"es-AR\"><b>\u201cMisi\u00f3n Itinerante Colonia Caroya \u2013marzo 2025\u201d<\/b><\/span><\/span><span style=\"font-family: Times New Roman,serif; font-size: large;\"><span lang=\"es-AR\">\u00a0y el nombre del solicitante.<\/span><\/span><\/span><\/div>\n<div align=\"justify\"><span style=\"font-family: Calibri,sans-serif; font-size: small;\"><span style=\"font-family: Times New Roman,serif; font-size: large;\"><span lang=\"es-AR\">\u00a0<\/span><\/span><\/span><\/div>\n<div align=\"justify\"><span style=\"font-family: Calibri,sans-serif; font-size: small;\"><span style=\"font-family: Times New Roman,serif; font-size: large;\"><span lang=\"es-AR\">Adem\u00e1s, deber\u00e1 adjuntar en un \u00fanico archivo PDF:<\/span><\/span><\/span><\/div>\n<div align=\"justify\"><span style=\"font-family: Calibri,sans-serif; font-size: small;\"><span style=\"font-family: Times New Roman,serif; font-size: large;\"><span lang=\"es-AR\"><b>&#8211; el documento de identidad<\/b><\/span><\/span><span style=\"font-family: Times New Roman,serif; font-size: large;\"><span lang=\"es-AR\">\u00a0<\/span><\/span><span style=\"font-family: Times New Roman,serif; font-size: large;\"><span lang=\"es-AR\"><b>v\u00e1lido (DNI)\u00a0<\/b><\/span><\/span><span style=\"font-family: Times New Roman,serif; font-size: large;\"><span lang=\"es-AR\">del interesado, frente y dorso, (en caso de solicitar un turno para hijo\/a menor, adjunte tambi\u00e9n los documentos de identidad de ambos progenitores);<\/span><\/span><\/span><\/div>\n<div align=\"justify\"><span style=\"font-family: Calibri,sans-serif; font-size: small;\"><span style=\"font-family: Times New Roman,serif; font-size: large;\"><span lang=\"es-AR\">&#8211;<\/span><\/span><span style=\"font-family: Times New Roman,serif; font-size: large;\"><span lang=\"es-AR\"><b>\u00a0el<\/b><\/span><\/span><span style=\"font-family: Times New Roman,serif; font-size: large;\"><span lang=\"es-AR\">\u00a0<\/span><\/span><span style=\"font-family: Times New Roman,serif; font-size: large;\"><span lang=\"es-AR\"><b>formulario de solicitud de turno,\u00a0<\/b><\/span><\/span><span style=\"font-family: Times New Roman,serif; font-size: large;\"><span lang=\"es-AR\">completo en todos sus campos (por ejemplo, estado civil, cantidad de hijos menores, domicilio). En caso de presentar la solicitud incompleta y\/o sin firma ol\u00f3grafa, o de no adjuntar un documento de identidad, el turno podr\u00eda no ser otorgado.<\/span><\/span><\/span><\/div>\n<div align=\"justify\"><span style=\"font-family: Calibri,sans-serif; font-size: small;\"><span style=\"font-family: Times New Roman,serif; font-size: large;\"><span lang=\"es-AR\"><b>\u00a0<\/b><\/span><\/span><\/span><\/div>\n<div align=\"justify\"><span style=\"font-family: Calibri,sans-serif; font-size: small;\"><span style=\"font-family: Times New Roman,serif; font-size: large;\"><span lang=\"es-AR\">Posteriormente, la Oficina de Pasaportes se pondr\u00e1 en contacto con el interesado v\u00eda e-mail para brindarle mayor informaci\u00f3n acerca del procedimiento a seguir.<\/span><\/span><\/span><\/div>\n<div align=\"justify\"><span style=\"font-family: Calibri,sans-serif; font-size: small;\"><span style=\"font-family: Times New Roman,serif; font-size: large;\"><span lang=\"es-AR\">\u00a0<\/span><\/span><\/span><\/div>\n<div align=\"justify\"><span style=\"font-family: Calibri,sans-serif; font-size: small;\"><span style=\"font-family: Times New Roman,serif; font-size: large;\"><span lang=\"es-AR\">Se comunica, a su vez, que\u00a0<\/span><\/span><span style=\"font-family: Times New Roman,serif; font-size: large;\"><span lang=\"es-AR\"><u>se tomar\u00e1n en cuenta \u00fanicamente las solicitudes de los usuarios que tengan sus datos regularmente actualizados en nuestro registro consular.<\/u><\/span><\/span><\/span><\/div>\n<div align=\"justify\"><span style=\"font-family: Calibri,sans-serif; font-size: small;\"><span style=\"font-family: Times New Roman,serif; font-size: large;\"><span lang=\"es-AR\">\u00a0<\/span><\/span><\/span><\/div>\n<div align=\"justify\"><span style=\"font-family: Calibri,sans-serif; font-size: small;\"><span style=\"font-family: Times New Roman,serif; font-size: large;\"><span lang=\"es-AR\"><b>LOS E-MAILS ENVIADOS ANTES DE LAS 10:00 HS O DESPU\u00c8S DE LAS 18:00 HS DEL D\u00cdA LUNES 10 DE FEBRERO 2025 NO SER\u00c1N INCLUIDOS EN LA CONVOCATORIA.<\/b><\/span><\/span><\/span><\/div>\n<div align=\"justify\"><span style=\"font-family: Calibri,sans-serif; font-size: small;\"><span style=\"font-family: Times New Roman,serif; font-size: large;\"><span lang=\"es-AR\">Para descargar el formulario de solicitud de turno, haga click aqu\u00ed:\u00a0<\/span><\/span><a href=\"https:\/\/conscordoba.esteri.it\/wp-content\/uploads\/2023\/12\/FORMULARIO-RICHIESTA-TURNO-FUNZIONARIO-ITINERANTE.pdf\" target=\"_blank\" rel=\"noopener noreferrer\"><span style=\"color: blue; font-family: Times New Roman,serif; font-size: large;\"><span lang=\"es-AR\"><b>Formulario<\/b><\/span><\/span><\/a><span style=\"color: blue; font-family: Times New Roman,serif; font-size: large;\"><span lang=\"es-AR\"><b><u>\u00a0de Solicitud<\/u><\/b><\/span><\/span><\/span><\/div>\n","protected":false},"excerpt":{"rendered":"Se informa que la habilitaci\u00f3n de turnos de la pr\u00f3xima misi\u00f3n del funcionario itinerante en la ciudad de Colonia Caroya, para la emisi\u00f3n\/renovaci\u00f3n del pasaporte, dirigida a los ciudadanos residentes en los\u00a0departamentos\u00a0Col\u00f3n, Totoral, Punilla, Pocho, San Alberto y San Javier, ser\u00e1 el pr\u00f3ximo lunes 10 de febrero 2025. La convocaci\u00f3n estar\u00e1 dirigida \u00fanicamente a las [&hellip;]","protected":false},"author":5,"featured_media":0,"comment_status":"closed","ping_status":"closed","sticky":false,"template":"","format":"standard","meta":{"footnotes":""},"tags":[],"class_list":["post-4995","post","type-post","status-publish","format-standard","hentry"],"_links":{"self":[{"href":"https:\/\/conscordoba.esteri.it\/es\/wp-json\/wp\/v2\/posts\/4995","targetHints":{"allow":["GET"]}}],"collection":[{"href":"https:\/\/conscordoba.esteri.it\/es\/wp-json\/wp\/v2\/posts"}],"about":[{"href":"https:\/\/conscordoba.esteri.it\/es\/wp-json\/wp\/v2\/types\/post"}],"author":[{"embeddable":true,"href":"https:\/\/conscordoba.esteri.it\/es\/wp-json\/wp\/v2\/users\/5"}],"replies":[{"embeddable":true,"href":"https:\/\/conscordoba.esteri.it\/es\/wp-json\/wp\/v2\/comments?post=4995"}],"version-history":[{"count":1,"href":"https:\/\/conscordoba.esteri.it\/es\/wp-json\/wp\/v2\/posts\/4995\/revisions"}],"predecessor-version":[{"id":4997,"href":"https:\/\/conscordoba.esteri.it\/es\/wp-json\/wp\/v2\/posts\/4995\/revisions\/4997"}],"wp:attachment":[{"href":"https:\/\/conscordoba.esteri.it\/es\/wp-json\/wp\/v2\/media?parent=4995"}],"wp:term":[{"taxonomy":"post_tag","embeddable":true,"href":"https:\/\/conscordoba.esteri.it\/es\/wp-json\/wp\/v2\/tags?post=4995"}],"curies":[{"name":"wp","href":"https:\/\/api.w.org\/{rel}","templated":true}]}}