{"id":5186,"date":"2025-03-14T13:01:58","date_gmt":"2025-03-14T12:01:58","guid":{"rendered":"https:\/\/conscordoba.esteri.it\/?p=5186"},"modified":"2025-03-14T13:01:47","modified_gmt":"2025-03-14T12:01:47","slug":"habilitacion-de-turnos-para-la-emision-del-pasaporte-ciudad-de-cordoba-marzo-2025","status":"publish","type":"post","link":"https:\/\/conscordoba.esteri.it\/es\/news\/dal_consolato\/2025\/03\/habilitacion-de-turnos-para-la-emision-del-pasaporte-ciudad-de-cordoba-marzo-2025\/","title":{"rendered":"HABILITACI\u00d3N DE TURNOS PARA LA EMISI\u00d3N DEL PASAPORTE \u2013 CIUDAD DE C\u00d3RDOBA \u2013 MARZO 2025"},"content":{"rendered":"<div style=\"text-align: justify;\" align=\"justify\"><span style=\"font-family: Times New Roman,serif; font-size: medium;\"><span lang=\"es-AR\">Les informamos que se habilitar\u00e1n turnos para la emisi\u00f3n del pasaporte, dirigidos\u00a0<\/span><span lang=\"es-AR\"><b>exclusivamente a personas residentes en la Ciudad de C\u00f3rdoba Capital<\/b><\/span><span lang=\"es-AR\">.<\/span><\/span><\/div>\n<div align=\"justify\"><\/div>\n<div style=\"text-align: justify;\" align=\"justify\"><span style=\"font-family: Times New Roman,serif; font-size: medium;\"><span lang=\"es-AR\">Los turnos solo se podr\u00e1n reservar enviando un e-mail a la direcci\u00f3n de correo electr\u00f3nico:\u00a0<\/span><a href=\"mailto:cordoba.passaporticentro@esteri.it\" target=\"_blank\" rel=\"noopener noreferrer\"><span lang=\"es-AR\">cordoba.passaporticentro@esteri.it<\/span><\/a><span lang=\"es-AR\">\u00a0de 10:00 a 12:00 horas del lunes 17 de marzo de 2025.<\/span><\/span><\/div>\n<div align=\"justify\"><\/div>\n<div style=\"text-align: justify;\" align=\"justify\"><span style=\"font-family: Times New Roman,serif; font-size: medium;\"><span lang=\"es-AR\">Ser\u00e1 necesario indicar en el asunto del mail:\u00a0<\/span><span lang=\"es-AR\"><b>\u00abTurnos extraordinarios C\u00d3RDOBA \u2013 MARZO 2025 + el nombre del solicitante\u00bb<\/b><\/span><span lang=\"es-AR\">.<\/span><\/span><\/div>\n<div align=\"justify\"><\/div>\n<div style=\"text-align: justify;\" align=\"justify\"><span style=\"font-family: Times New Roman,serif; font-size: medium;\"><span lang=\"es-AR\">Se deber\u00e1 adjuntar (ambos escaneados en un archivo PDF):<\/span><\/span><\/div>\n<div style=\"text-align: justify;\" align=\"justify\"><span style=\"font-family: Times New Roman,serif; font-size: medium;\"><span lang=\"es-AR\">\u2013\u00a0\u00a0\u00a0\u00a0\u00a0\u00a0\u00a0\u00a0\u00a0\u00a0formulario de solicitud de turno.<\/span><\/span><\/div>\n<div style=\"text-align: justify;\" align=\"justify\"><span style=\"font-family: Times New Roman,serif; font-size: medium;\"><span lang=\"es-AR\">\u2013\u00a0\u00a0\u00a0\u00a0\u00a0\u00a0\u00a0\u00a0\u00a0\u00a0copia del documento de identidad (DNI), frente y dorso.<\/span><\/span><\/div>\n<div align=\"justify\"><\/div>\n<div style=\"text-align: justify;\" align=\"justify\"><span style=\"font-family: Times New Roman,serif; font-size: medium;\"><span lang=\"es-AR\"><b>Es necesario rellenar de manera completa el formulario<\/b><\/span><span lang=\"es-AR\">, completando todos los campos indicados (por ejemplo, estado civil, cantidad de hijos menores, domicilio) y adjuntando los DNI de los solicitantes (incluyendo el de ambos progenitores, en caso de solicitar turno para hijos menores). Se enfatiza que, en caso de que la solicitud no cuente con todos los datos completos, el turno podr\u00eda no ser otorgado.<\/span><\/span><\/div>\n<div align=\"justify\"><\/div>\n<div style=\"text-align: justify;\" align=\"justify\"><span style=\"font-family: Times New Roman,serif; font-size: medium;\"><span lang=\"es-AR\">Se especifica que se tomar\u00e1n en cuenta \u00fanicamente las solicitudes de los usuarios que tengan\u00a0<\/span><span lang=\"es-AR\"><b>sus datos de residencia y de estado civil regularmente actualizados<\/b><\/span><span lang=\"es-AR\">\u00a0en nuestro registro consular.<\/span><\/span><\/div>\n<div align=\"justify\"><\/div>\n<div style=\"text-align: justify;\" align=\"justify\"><span style=\"font-family: Times New Roman,serif; font-size: medium;\"><span lang=\"es-AR\">Finalizada la fase de revisi\u00f3n de la documentaci\u00f3n, la Oficina de Pasaportes se pondr\u00e1 en contacto con el interesado por e-mail, para brindarle informaci\u00f3n acerca de c\u00f3mo obtener el pasaporte.<\/span><\/span><\/div>\n<div align=\"justify\"><\/div>\n<div style=\"text-align: justify;\" align=\"justify\"><span style=\"font-family: Times New Roman,serif; font-size: medium;\"><span lang=\"es-AR\">LAS SOLICITUDES SE PROCESAR\u00c1N SEG\u00daN EL ESTRICTO ORDEN CRONOL\u00d3GICO EN EL CUAL SON RECIBIDAS.<\/span><\/span><\/div>\n<div align=\"justify\"><\/div>\n<div style=\"text-align: justify;\" align=\"justify\"><span style=\"font-family: Times New Roman,serif; font-size: medium;\"><span lang=\"es-AR\"><b>LOS CORREOS ELECTR\u00d3NICOS ENVIADOS ANTES DE LAS 10:00 HS Y DESPU\u00c9S DE LAS 12:00 HS DEL D\u00cdA 17 DE MARZO 2025 NO SE TENDR\u00c1N EN CUENTA.<\/b><\/span><\/span><\/div>\n<div align=\"justify\"><\/div>\n<div style=\"text-align: justify;\" align=\"justify\"><span style=\"font-family: Times New Roman,serif; font-size: medium;\"><span lang=\"es-AR\">Haga clic\u00a0<\/span><a href=\"https:\/\/conscordoba.esteri.it\/wp-content\/uploads\/2024\/08\/Formulario-turni-straordinari-Cordoba_AGOSTO-2024.pdf\" target=\"_blank\" rel=\"noopener noreferrer\"><span lang=\"es-AR\">AQU\u00cd<\/span><\/a><span lang=\"es-AR\">\u00a0para descargar el formulario de solicitud.<\/span><\/span><\/div>\n","protected":false},"excerpt":{"rendered":"Les informamos que se habilitar\u00e1n turnos para la emisi\u00f3n del pasaporte, dirigidos\u00a0exclusivamente a personas residentes en la Ciudad de C\u00f3rdoba Capital. Los turnos solo se podr\u00e1n reservar enviando un e-mail a la direcci\u00f3n de correo electr\u00f3nico:\u00a0cordoba.passaporticentro@esteri.it\u00a0de 10:00 a 12:00 horas del lunes 17 de marzo de 2025. Ser\u00e1 necesario indicar en el asunto del mail:\u00a0\u00abTurnos [&hellip;]","protected":false},"author":5,"featured_media":0,"comment_status":"closed","ping_status":"closed","sticky":false,"template":"","format":"standard","meta":{"footnotes":""},"tags":[],"class_list":["post-5186","post","type-post","status-publish","format-standard","hentry"],"_links":{"self":[{"href":"https:\/\/conscordoba.esteri.it\/es\/wp-json\/wp\/v2\/posts\/5186","targetHints":{"allow":["GET"]}}],"collection":[{"href":"https:\/\/conscordoba.esteri.it\/es\/wp-json\/wp\/v2\/posts"}],"about":[{"href":"https:\/\/conscordoba.esteri.it\/es\/wp-json\/wp\/v2\/types\/post"}],"author":[{"embeddable":true,"href":"https:\/\/conscordoba.esteri.it\/es\/wp-json\/wp\/v2\/users\/5"}],"replies":[{"embeddable":true,"href":"https:\/\/conscordoba.esteri.it\/es\/wp-json\/wp\/v2\/comments?post=5186"}],"version-history":[{"count":1,"href":"https:\/\/conscordoba.esteri.it\/es\/wp-json\/wp\/v2\/posts\/5186\/revisions"}],"predecessor-version":[{"id":5187,"href":"https:\/\/conscordoba.esteri.it\/es\/wp-json\/wp\/v2\/posts\/5186\/revisions\/5187"}],"wp:attachment":[{"href":"https:\/\/conscordoba.esteri.it\/es\/wp-json\/wp\/v2\/media?parent=5186"}],"wp:term":[{"taxonomy":"post_tag","embeddable":true,"href":"https:\/\/conscordoba.esteri.it\/es\/wp-json\/wp\/v2\/tags?post=5186"}],"curies":[{"name":"wp","href":"https:\/\/api.w.org\/{rel}","templated":true}]}}