{"id":5249,"date":"2025-03-18T16:05:58","date_gmt":"2025-03-18T15:05:58","guid":{"rendered":"https:\/\/conscordoba.esteri.it\/?p=5249"},"modified":"2025-03-18T16:15:12","modified_gmt":"2025-03-18T15:15:12","slug":"5249","status":"publish","type":"post","link":"https:\/\/conscordoba.esteri.it\/es\/news\/dal_consolato\/2025\/03\/5249\/","title":{"rendered":""},"content":{"rendered":"<p>Se detallan a continuaci\u00f3n los d\u00edas <strong>FERIADOS<\/strong> del a\u00f1o<strong> 2025, <\/strong>en los cuales el Consulado general\u00a0<span style=\"text-decoration: underline;\"><em>permanecer\u00e1 cerrado<\/em>:<\/span><\/p>\n<ul>\n<li>1 de enero\u00a0 \u00a0 \u00a0 \u00a0A\u00f1o Nuevo<\/li>\n<li>18 de abril\u00a0 \u00a0 \u00a0 \u00a0Viernes Santo<\/li>\n<li>21 de abril\u00a0 \u00a0 \u00a0 \u00a0Lunes de Pascua<\/li>\n<li>25 de abril\u00a0 \u00a0 \u00a0 \u00a0Fiesta de la Liberaci\u00f3n<\/li>\n<li>1 de mayo\u00a0 \u00a0 \u00a0 \u00a0 D\u00eda del Trabajador<\/li>\n<li>25 de mayo\u00a0 \u00a0 \u00a0Revoluci\u00f3n de Mayo<\/li>\n<li>2 de junio\u00a0 \u00a0 \u00a0 \u00a0 Fiesta della Rep\u00fablica<\/li>\n<li>9 de julio\u00a0 \u00a0 \u00a0 \u00a0 \u00a0Declaraci\u00f3n de Independencia Argentina<\/li>\n<li>12 de octubre\u00a0 \u00a0 \u00a0 \u00a0 \u00a0 \u00a0D\u00eda del Respeto a la Diversidad<\/li>\n<li>25 de diciembre\u00a0 \u00a0 \u00a0 Navidad<\/li>\n<li>26 de diciembre\u00a0 \u00a0 \u00a0 San Esteban<\/li>\n<\/ul>\n","protected":false},"excerpt":{"rendered":"Se detallan a continuaci\u00f3n los d\u00edas FERIADOS del a\u00f1o 2025, en los cuales el Consulado general\u00a0permanecer\u00e1 cerrado: 1 de enero\u00a0 \u00a0 \u00a0 \u00a0A\u00f1o Nuevo 18 de abril\u00a0 \u00a0 \u00a0 \u00a0Viernes Santo 21 de abril\u00a0 \u00a0 \u00a0 \u00a0Lunes de Pascua 25 de abril\u00a0 \u00a0 \u00a0 \u00a0Fiesta de la Liberaci\u00f3n 1 de mayo\u00a0 \u00a0 \u00a0 \u00a0 D\u00eda [&hellip;]","protected":false},"author":5,"featured_media":0,"comment_status":"closed","ping_status":"closed","sticky":false,"template":"","format":"standard","meta":{"footnotes":""},"tags":[],"class_list":["post-5249","post","type-post","status-publish","format-standard","hentry"],"_links":{"self":[{"href":"https:\/\/conscordoba.esteri.it\/es\/wp-json\/wp\/v2\/posts\/5249","targetHints":{"allow":["GET"]}}],"collection":[{"href":"https:\/\/conscordoba.esteri.it\/es\/wp-json\/wp\/v2\/posts"}],"about":[{"href":"https:\/\/conscordoba.esteri.it\/es\/wp-json\/wp\/v2\/types\/post"}],"author":[{"embeddable":true,"href":"https:\/\/conscordoba.esteri.it\/es\/wp-json\/wp\/v2\/users\/5"}],"replies":[{"embeddable":true,"href":"https:\/\/conscordoba.esteri.it\/es\/wp-json\/wp\/v2\/comments?post=5249"}],"version-history":[{"count":3,"href":"https:\/\/conscordoba.esteri.it\/es\/wp-json\/wp\/v2\/posts\/5249\/revisions"}],"predecessor-version":[{"id":5254,"href":"https:\/\/conscordoba.esteri.it\/es\/wp-json\/wp\/v2\/posts\/5249\/revisions\/5254"}],"wp:attachment":[{"href":"https:\/\/conscordoba.esteri.it\/es\/wp-json\/wp\/v2\/media?parent=5249"}],"wp:term":[{"taxonomy":"post_tag","embeddable":true,"href":"https:\/\/conscordoba.esteri.it\/es\/wp-json\/wp\/v2\/tags?post=5249"}],"curies":[{"name":"wp","href":"https:\/\/api.w.org\/{rel}","templated":true}]}}