{"id":5268,"date":"2025-03-18T19:34:57","date_gmt":"2025-03-18T18:34:57","guid":{"rendered":"https:\/\/conscordoba.esteri.it\/?p=5268"},"modified":"2025-03-18T19:36:30","modified_gmt":"2025-03-18T18:36:30","slug":"premio-leggiamoci-2025-al-mejor-cuento-de-tematica-libre-dirigido-a-jovenes-entre-los-13-y-los-19-anos","status":"publish","type":"post","link":"https:\/\/conscordoba.esteri.it\/es\/news\/dal_consolato\/2025\/03\/premio-leggiamoci-2025-al-mejor-cuento-de-tematica-libre-dirigido-a-jovenes-entre-los-13-y-los-19-anos\/","title":{"rendered":"Premio Leggiamoci 2025 al mejor cuento de tem\u00e1tica libre, dirigido a j\u00f3venes entre los 13 y los 19 a\u00f1os"},"content":{"rendered":"<div class=\"ts-textfield-container \" lang=\"es\">\n<div class=\"ts-alignment-view-container\">\n<div id=\"ts-alignment-view-idtgt\" class=\"ts-alignment-view ms-font-m ts-alignment-view-tgt ts-ltr-left-zero\" tabindex=\"0\" aria-hidden=\"false\">\n<div class=\"\" style=\"text-align: justify;\" tabindex=\"-1\" role=\"label\" data-focus-mouse=\"false\">Se comunica la nueva edici\u00f3n del\u00a0<em><strong>Premio Leggiamoci<\/strong><\/em>. El Comit\u00e9 Promotor del proyecto est\u00e1 compuesto por la\u00a0<em>Fondazione Maria e Goffredo Bellonci<\/em>, el\u00a0<em>Centro per il libro e la lettura del Ministero della Cultura<\/em>,\u00a0<em>BPER Banca<\/em>. El proyecto est\u00e1 promovido en colaboraci\u00f3n con el\u00a0<strong>Ministerio de Asuntos Exteriores y Cooperaci\u00f3n Internacional (MAECI),<\/strong>\u00a0<em>Tirreno Power<\/em>,\u00a0<em>42Gradi \u2013 idee sostenibili di Vecchie Segherie Mastrototaro<\/em>,\u00a0<em>SYGLA<\/em>.<\/div>\n<div style=\"text-align: justify;\" tabindex=\"-1\" role=\"label\"><\/div>\n<\/div>\n<\/div>\n<div style=\"text-align: justify;\" tabindex=\"-1\" role=\"label\">\n<div id=\"ts-body\">\n<div class=\"css-44 ts-pivot-container\">\n<div id=\"ContentContainer\">\n<div>\n<div>\n<div role=\"tabpanel\" aria-labelledby=\"Pivot0-Tab0\">\n<div class=\"ts-lookup-pivot\">\n<div id=\"Lookup\" class=\"ts-pivot-lookup-component\">\n<div class=\"ms-Grid ts-grid\">\n<div class=\"ms-Grid-row\">\n<div class=\"ts-textfield-container \" lang=\"es\">\n<div class=\"ts-alignment-view-container\">\n<div id=\"ts-alignment-view-idtgt\" class=\"ts-alignment-view ms-font-m ts-alignment-view-tgt ts-ltr-left-zero\" tabindex=\"0\" aria-hidden=\"false\">\n<div tabindex=\"-1\" role=\"label\">El Premio est\u00e1 abierto a la participaci\u00f3n de j\u00f3venes\u00a0<strong>de entre 13 y 19 a\u00f1os<\/strong>, que pueden competir con cuentos textuales o cuentos en im\u00e1genes de tema libre, in\u00e9ditos y en italiano. Los cuentos deber\u00e1n cumplir con los siguientes requisitos:<\/div>\n<ul>\n<li tabindex=\"-1\" role=\"label\">El\u00a0<strong>cuento textual<\/strong>\u00a0debe tener una extensi\u00f3n comprendida entre 5.400 y 10.800 caracteres (espacios incluidos). La historia no se puede enviar por correo electr\u00f3nico, sino que se puede subir directamente a la plataforma (<a href=\"https:\/\/leggiamoci.it\/registrati\/\" target=\"_blank\" rel=\"noopener\">https:\/\/leggiamoci.it\/registrati\/<\/a>) a trav\u00e9s de su cuenta personal.<\/li>\n<li tabindex=\"-1\" role=\"label\">El\u00a0<strong>cuento en im\u00e1genes<\/strong>, creado con la t\u00e9cnica que prefiera el Autor (c\u00f3mic, ilustraci\u00f3n, cuento mudo u otro), deber\u00e1 constar de un m\u00ednimo de una y un m\u00e1ximo de cinco l\u00e1minas, realizadas digitalmente o a mano. Debe enviarse a trav\u00e9s de la direcci\u00f3n de correo electr\u00f3nico utilizada durante el registro en la plataforma a\u00a0<a href=\"mailto:info@leggiamoci.it\" target=\"_blank\" rel=\"noopener\">info@leggiamoci.it<\/a>\u00a0con el asunto Premio Leggiamoci 2025. En el cuerpo del correo electr\u00f3nico es necesario indicar el nombre de usuario de su cuenta de Leggiamoci y el t\u00edtulo de la historia. Es necesario que el relato a trav\u00e9s de im\u00e1genes tenga estas prerrogativas: formato digital .png o .jpg; Tama\u00f1o de hoja A4 (vertical); Resoluci\u00f3n recomendada: 2480\u00d73508 px (300 ppp).<\/li>\n<\/ul>\n<\/div>\n<\/div>\n<\/div>\n<\/div>\n<\/div>\n<\/div>\n<\/div>\n<\/div>\n<\/div>\n<\/div>\n<\/div>\n<\/div>\n<\/div>\n<\/div>\n<\/div>\n<div tabindex=\"-1\" role=\"label\">\n<div id=\"ts-body\">\n<div class=\"css-44 ts-pivot-container\">\n<div id=\"ContentContainer\">\n<div role=\"tabpanel\" aria-labelledby=\"Pivot0-Tab0\">\n<div class=\"ts-lookup-pivot\">\n<div id=\"Lookup\" class=\"ts-pivot-lookup-component\">\n<div class=\"ms-Grid ts-grid\">\n<div class=\"ms-Grid-row\">\n<div class=\"ts-textfield-container \" lang=\"es\">\n<div class=\"ts-alignment-view-container\">\n<div id=\"ts-alignment-view-idtgt\" class=\"ts-alignment-view ms-font-m ts-alignment-view-tgt ts-ltr-left-zero\" style=\"text-align: justify;\" tabindex=\"0\" aria-hidden=\"false\">\n<div tabindex=\"-1\" role=\"label\">Los cuentos, textuales o en im\u00e1genes, deben ser entregados respectivamente seg\u00fan los m\u00e9todos especificados en el art. 3\u00a0<strong>antes del mediod\u00eda del viernes 23 de mayo de 2025<\/strong>.<\/div>\n<div tabindex=\"-1\" role=\"label\"><\/div>\n<div tabindex=\"-1\" role=\"label\">Los cuentos ser\u00e1n publicados en la plataforma por la Redacci\u00f3n de Leggiamoci.it, que reserva unos d\u00edas h\u00e1biles para la revisi\u00f3n y aprobaci\u00f3n de los textos. Para la validez de la participaci\u00f3n en el\u00a0<em>Premio Leggiamoci<\/em>, es\u00a0<strong>v\u00e1lida la fecha de entrega<\/strong>, subiendo a la plataforma (historias textuales) o enviando por correo electr\u00f3nico (historias en im\u00e1genes), no la fecha de publicaci\u00f3n en el sitio web.<\/div>\n<\/div>\n<div style=\"text-align: justify;\" tabindex=\"-1\" role=\"label\"><\/div>\n<div id=\"ts-alignment-view-idtgt\" class=\"ts-alignment-view ms-font-m ts-alignment-view-tgt ts-ltr-left-zero\" style=\"text-align: justify;\" tabindex=\"0\" aria-hidden=\"false\">\n<div tabindex=\"-1\" role=\"label\">La ceremonia de entrega tendr\u00e1 lugar a principios de junio, durante la ceremonia de entrega del\u00a0<em>Premio Strega Giovani<\/em>, el galard\u00f3n literario promovido por la\u00a0<em>Fondazione Maria e Goffredo Bellonci<\/em>\u00a0y la empresa\u00a0<em>Strega Alberti de Benevento<\/em>, en colaboraci\u00f3n con\u00a0<em>BPER Banca<\/em>, patrocinador t\u00e9cnico.<\/div>\n<\/div>\n<div tabindex=\"-1\" role=\"label\">\n<div id=\"ts-body\">\n<div class=\"css-44 ts-pivot-container\">\n<div id=\"ContentContainer\">\n<div role=\"tabpanel\" aria-labelledby=\"Pivot0-Tab0\">\n<div class=\"ts-lookup-pivot\">\n<div id=\"Lookup\" class=\"ts-pivot-lookup-component\">\n<div class=\"ms-Grid ts-grid\">\n<div class=\"ms-Grid-row\">\n<div class=\"ts-textfield-container \" lang=\"es\">\n<div class=\"ts-alignment-view-container\">\n<div style=\"text-align: justify;\" tabindex=\"-1\" role=\"label\"><\/div>\n<div id=\"ts-alignment-view-idtgt\" class=\"ts-alignment-view ms-font-m ts-alignment-view-tgt ts-ltr-left-zero\" style=\"text-align: justify;\" tabindex=\"0\" aria-hidden=\"false\">\n<div tabindex=\"-1\" role=\"label\">La Redacci\u00f3n de\u00a0<em>Leggiamoci<\/em>\u00a0se pondr\u00e1 en contacto con los ganadores a trav\u00e9s del correo electr\u00f3nico facilitado en el momento del registro en la plataforma.\u00a0<strong>En caso de no recibir respuesta, dentro de los tres d\u00edas siguientes a la presentaci\u00f3n, los premios se otorgar\u00e1n siguiendo el orden de clasificaci\u00f3n<\/strong>.<\/div>\n<\/div>\n<div style=\"text-align: justify;\" tabindex=\"-1\" role=\"label\"><\/div>\n<div id=\"ts-alignment-view-idtgt\" class=\"ts-alignment-view ms-font-m ts-alignment-view-tgt ts-ltr-left-zero\" tabindex=\"0\" aria-hidden=\"false\">\n<div class=\"focus--mouse\" style=\"text-align: justify;\" tabindex=\"-1\" role=\"label\" data-focus-mouse=\"true\">Los cuentos publicados ser\u00e1n le\u00eddos por una comisi\u00f3n de expertos que elegir\u00e1n las tres que considere a su entera discreci\u00f3n como las mejores. Los autores de los cuentos seleccionados ser\u00e1n premiados con un bol\u00edgrafo de madera artesanal hecho por\u00a0<em>SYGLA<\/em>\u00a0y participar\u00e1n en\u00a0<em>La Classe del Festival 42Gradi \u2013 ideee sostenibili a Bisceglie<\/em>\u00a0(comida, alojamiento y participaci\u00f3n en talleres sobre sostenibilidad pagados por la organizaci\u00f3n). El ganador del primer puesto tambi\u00e9n recibir\u00e1 un\u00a0<strong>premio de 1.500 \u20ac<\/strong>\u00a0ofrecido por BPER Banca.<\/div>\n<\/div>\n<\/div>\n<\/div>\n<div tabindex=\"-1\" role=\"label\" data-focus-mouse=\"true\">\n<p style=\"text-align: justify;\">Para descargar el reglamento<strong> <a href=\"https:\/\/conscordoba.esteri.it\/wp-content\/uploads\/2025\/03\/Regolamento-Leggiamoci-2025.pdf\">hacer clic aqu\u00ed<\/a><\/strong>.<\/p>\n<p>Link a la p\u00e1gina web del proyecto: <a href=\"https:\/\/leggiamoci.it\/premio-2025\/\">https:\/\/leggiamoci.it\/premio-2025\/<\/a><\/p>\n<\/div>\n<div class=\"ts-textfield-container \" lang=\"es\">\n<div class=\"ts-alignment-view-container\">\n<div tabindex=\"-1\" role=\"label\" data-focus-mouse=\"true\"><\/div>\n<\/div>\n<\/div>\n<\/div>\n<\/div>\n<\/div>\n<\/div>\n<\/div>\n<\/div>\n<\/div>\n<\/div>\n<\/div>\n<\/div>\n<\/div>\n<\/div>\n<\/div>\n<\/div>\n<\/div>\n<\/div>\n<\/div>\n<\/div>\n<\/div>\n<\/div>\n","protected":false},"excerpt":{"rendered":"Se comunica la nueva edici\u00f3n del\u00a0Premio Leggiamoci. El Comit\u00e9 Promotor del proyecto est\u00e1 compuesto por la\u00a0Fondazione Maria e Goffredo Bellonci, el\u00a0Centro per il libro e la lettura del Ministero della Cultura,\u00a0BPER Banca. El proyecto est\u00e1 promovido en colaboraci\u00f3n con el\u00a0Ministerio de Asuntos Exteriores y Cooperaci\u00f3n Internacional (MAECI),\u00a0Tirreno Power,\u00a042Gradi \u2013 idee sostenibili di Vecchie Segherie Mastrototaro,\u00a0SYGLA. [&hellip;]","protected":false},"author":5,"featured_media":5280,"comment_status":"closed","ping_status":"closed","sticky":false,"template":"","format":"standard","meta":{"footnotes":""},"tags":[],"class_list":["post-5268","post","type-post","status-publish","format-standard","has-post-thumbnail","hentry"],"_links":{"self":[{"href":"https:\/\/conscordoba.esteri.it\/es\/wp-json\/wp\/v2\/posts\/5268","targetHints":{"allow":["GET"]}}],"collection":[{"href":"https:\/\/conscordoba.esteri.it\/es\/wp-json\/wp\/v2\/posts"}],"about":[{"href":"https:\/\/conscordoba.esteri.it\/es\/wp-json\/wp\/v2\/types\/post"}],"author":[{"embeddable":true,"href":"https:\/\/conscordoba.esteri.it\/es\/wp-json\/wp\/v2\/users\/5"}],"replies":[{"embeddable":true,"href":"https:\/\/conscordoba.esteri.it\/es\/wp-json\/wp\/v2\/comments?post=5268"}],"version-history":[{"count":3,"href":"https:\/\/conscordoba.esteri.it\/es\/wp-json\/wp\/v2\/posts\/5268\/revisions"}],"predecessor-version":[{"id":5275,"href":"https:\/\/conscordoba.esteri.it\/es\/wp-json\/wp\/v2\/posts\/5268\/revisions\/5275"}],"wp:featuredmedia":[{"embeddable":true,"href":"https:\/\/conscordoba.esteri.it\/es\/wp-json\/wp\/v2\/media\/5280"}],"wp:attachment":[{"href":"https:\/\/conscordoba.esteri.it\/es\/wp-json\/wp\/v2\/media?parent=5268"}],"wp:term":[{"taxonomy":"post_tag","embeddable":true,"href":"https:\/\/conscordoba.esteri.it\/es\/wp-json\/wp\/v2\/tags?post=5268"}],"curies":[{"name":"wp","href":"https:\/\/api.w.org\/{rel}","templated":true}]}}