{"id":5301,"date":"2025-03-19T17:48:43","date_gmt":"2025-03-19T16:48:43","guid":{"rendered":"https:\/\/conscordoba.esteri.it\/?p=5301"},"modified":"2025-03-19T17:48:32","modified_gmt":"2025-03-19T16:48:32","slug":"becas-de-la-accademia-darti-e-mestieri-dello-spettacolo-teatro-alla-scala-a-a-2025-2026","status":"publish","type":"post","link":"https:\/\/conscordoba.esteri.it\/es\/news\/dal_consolato\/2025\/03\/becas-de-la-accademia-darti-e-mestieri-dello-spettacolo-teatro-alla-scala-a-a-2025-2026\/","title":{"rendered":"BECAS DE LA \u00abACCADEMIA D&#8217;ARTI E MESTIERI DELLO SPETTACOLO TEATRO ALLA SCALA\u00bb (A.A. 2025-2026)"},"content":{"rendered":"<p style=\"text-align: justify;\">La\u00a0<strong><em>Accademia d\u2019Arti e Mestieri dello Spettacolo Teatro alla Scala <\/em><\/strong>abri\u00f3 las selecciones para el<a href=\"https:\/\/www.accademialascala.it\/musica\/corso-per-cantanti-lirici\"><strong> Curso de especializaci\u00f3n para cantantes de \u00f3pera <\/strong><\/a>(duraci\u00f3n: dos a\u00f1os) y para el <a href=\"https:\/\/www.accademialascala.it\/management\/master-in-performing-arts-management\"><strong>\u00abGlobal Master in Performing Arts Management\u201d <\/strong><\/a>(duraci\u00f3n: un a\u00f1o).<\/p>\n<p>Las selecciones para el <strong>Curso de especializaci\u00f3n<\/strong> est\u00e1n abiertas <strong>hasta el 9 de abril de 2025<\/strong>, mientras que para el <strong>M\u00e1ster<\/strong> se encuentran abiertas <strong>hasta el 1 de octubre de 2025<\/strong> para los ciudadanos de los Pa\u00edses miembros de la Uni\u00f3n Europea y <strong>hasta el 17 de septiembre<\/strong> <strong>de 2025<\/strong> para los ciudadanos de otros Pa\u00edses.<\/p>\n<p>En beneficio de los alumnos del Curso de especializaci\u00f3n, la Academia ofrece una beca de \u20ac 900,00 euros al mes.<\/p>\n<p>En beneficio de los estudiantes del M\u00e1ster, la asociaci\u00f3n \u00abGianluca Spina\u00bb del Polit\u00e9cnico de Mil\u00e1n otorga tres becas a tres estudiantes meritorios.<\/p>\n<p>A estas becas se a\u00f1aden las que concede el MAECI, en virtud de un convenio espec\u00edfico que suscribe cada a\u00f1o con la Academia, en favor de los estudiantes extranjeros m\u00e1s meritorios.<\/p>\n<p>Para mayor informaci\u00f3n acerca de la becas, consultar el link: <a href=\"https:\/\/www.esteri.it\/it\/opportunita\/borse-di-studio\/per-cittadini-stranieri\/progetti-speciali\/accademia_teatro_alla_scala\/\">https:\/\/www.esteri.it\/it\/opportunita\/borse-di-studio\/per-cittadini-stranieri\/progetti-speciali\/accademia_teatro_alla_scala\/<\/a><\/p>\n","protected":false},"excerpt":{"rendered":"La\u00a0Accademia d\u2019Arti e Mestieri dello Spettacolo Teatro alla Scala abri\u00f3 las selecciones para el Curso de especializaci\u00f3n para cantantes de \u00f3pera (duraci\u00f3n: dos a\u00f1os) y para el \u00abGlobal Master in Performing Arts Management\u201d (duraci\u00f3n: un a\u00f1o). Las selecciones para el Curso de especializaci\u00f3n est\u00e1n abiertas hasta el 9 de abril de 2025, mientras que para [&hellip;]","protected":false},"author":5,"featured_media":5316,"comment_status":"closed","ping_status":"closed","sticky":false,"template":"","format":"standard","meta":{"footnotes":""},"tags":[],"class_list":["post-5301","post","type-post","status-publish","format-standard","has-post-thumbnail","hentry"],"_links":{"self":[{"href":"https:\/\/conscordoba.esteri.it\/es\/wp-json\/wp\/v2\/posts\/5301","targetHints":{"allow":["GET"]}}],"collection":[{"href":"https:\/\/conscordoba.esteri.it\/es\/wp-json\/wp\/v2\/posts"}],"about":[{"href":"https:\/\/conscordoba.esteri.it\/es\/wp-json\/wp\/v2\/types\/post"}],"author":[{"embeddable":true,"href":"https:\/\/conscordoba.esteri.it\/es\/wp-json\/wp\/v2\/users\/5"}],"replies":[{"embeddable":true,"href":"https:\/\/conscordoba.esteri.it\/es\/wp-json\/wp\/v2\/comments?post=5301"}],"version-history":[{"count":5,"href":"https:\/\/conscordoba.esteri.it\/es\/wp-json\/wp\/v2\/posts\/5301\/revisions"}],"predecessor-version":[{"id":5320,"href":"https:\/\/conscordoba.esteri.it\/es\/wp-json\/wp\/v2\/posts\/5301\/revisions\/5320"}],"wp:featuredmedia":[{"embeddable":true,"href":"https:\/\/conscordoba.esteri.it\/es\/wp-json\/wp\/v2\/media\/5316"}],"wp:attachment":[{"href":"https:\/\/conscordoba.esteri.it\/es\/wp-json\/wp\/v2\/media?parent=5301"}],"wp:term":[{"taxonomy":"post_tag","embeddable":true,"href":"https:\/\/conscordoba.esteri.it\/es\/wp-json\/wp\/v2\/tags?post=5301"}],"curies":[{"name":"wp","href":"https:\/\/api.w.org\/{rel}","templated":true}]}}