{"id":5761,"date":"2025-04-24T16:32:15","date_gmt":"2025-04-24T14:32:15","guid":{"rendered":"https:\/\/conscordoba.esteri.it\/?p=5761"},"modified":"2025-04-24T16:35:33","modified_gmt":"2025-04-24T14:35:33","slug":"fallecimiento-papa-francisco-apertura-libro-de-condolencias","status":"publish","type":"post","link":"https:\/\/conscordoba.esteri.it\/es\/news\/dal_consolato\/2025\/04\/fallecimiento-papa-francisco-apertura-libro-de-condolencias\/","title":{"rendered":"Fallecimiento Papa Francisco. Apertura Libro de Condolencias"},"content":{"rendered":"<p style=\"text-align: justify;\">Con motivo del fallecimiento del Papa Francisco, el Consulado General de Italia en Cordoba, seg\u00fan indicaci\u00f3n del Ministerio de Relaciones Exteriores y Cooperaci\u00f3n Internacional, ha puesto a disposici\u00f3n un Libro de Condolencias para rendir homenaje a la figura del Santo Padre.<\/p>\n<p style=\"text-align: justify;\">Los mensajes podr\u00e1n presentarse directamente en la sede del Consulado en los siguientes d\u00edas: 24, 28, 29, 30 de abril y 2 de mayo, de 9.00 h a 12.30 h, y ser\u00e1n luego transmitidos a la Nunciatura Apost\u00f3lica en Argentina.<\/p>\n","protected":false},"excerpt":{"rendered":"Con motivo del fallecimiento del Papa Francisco, el Consulado General de Italia en Cordoba, seg\u00fan indicaci\u00f3n del Ministerio de Relaciones Exteriores y Cooperaci\u00f3n Internacional, ha puesto a disposici\u00f3n un Libro de Condolencias para rendir homenaje a la figura del Santo Padre. Los mensajes podr\u00e1n presentarse directamente en la sede del Consulado en los siguientes d\u00edas: [&hellip;]","protected":false},"author":11,"featured_media":5756,"comment_status":"closed","ping_status":"closed","sticky":false,"template":"","format":"standard","meta":{"footnotes":""},"tags":[],"class_list":["post-5761","post","type-post","status-publish","format-standard","has-post-thumbnail","hentry"],"_links":{"self":[{"href":"https:\/\/conscordoba.esteri.it\/es\/wp-json\/wp\/v2\/posts\/5761","targetHints":{"allow":["GET"]}}],"collection":[{"href":"https:\/\/conscordoba.esteri.it\/es\/wp-json\/wp\/v2\/posts"}],"about":[{"href":"https:\/\/conscordoba.esteri.it\/es\/wp-json\/wp\/v2\/types\/post"}],"author":[{"embeddable":true,"href":"https:\/\/conscordoba.esteri.it\/es\/wp-json\/wp\/v2\/users\/11"}],"replies":[{"embeddable":true,"href":"https:\/\/conscordoba.esteri.it\/es\/wp-json\/wp\/v2\/comments?post=5761"}],"version-history":[{"count":1,"href":"https:\/\/conscordoba.esteri.it\/es\/wp-json\/wp\/v2\/posts\/5761\/revisions"}],"predecessor-version":[{"id":5764,"href":"https:\/\/conscordoba.esteri.it\/es\/wp-json\/wp\/v2\/posts\/5761\/revisions\/5764"}],"wp:featuredmedia":[{"embeddable":true,"href":"https:\/\/conscordoba.esteri.it\/es\/wp-json\/wp\/v2\/media\/5756"}],"wp:attachment":[{"href":"https:\/\/conscordoba.esteri.it\/es\/wp-json\/wp\/v2\/media?parent=5761"}],"wp:term":[{"taxonomy":"post_tag","embeddable":true,"href":"https:\/\/conscordoba.esteri.it\/es\/wp-json\/wp\/v2\/tags?post=5761"}],"curies":[{"name":"wp","href":"https:\/\/api.w.org\/{rel}","templated":true}]}}