{"id":6249,"date":"2025-07-11T14:25:07","date_gmt":"2025-07-11T12:25:07","guid":{"rendered":"https:\/\/conscordoba.esteri.it\/?p=6249"},"modified":"2025-07-11T14:26:14","modified_gmt":"2025-07-11T12:26:14","slug":"funcionario-itinerante-para-la-emision-del-pasaporte-villa-general-belgrano-julio-2025-para-residentes-de-los-departamentos-calamuchita-santa-maria-y-tercero-arriba","status":"publish","type":"post","link":"https:\/\/conscordoba.esteri.it\/es\/news\/dal_consolato\/2025\/07\/funcionario-itinerante-para-la-emision-del-pasaporte-villa-general-belgrano-julio-2025-para-residentes-de-los-departamentos-calamuchita-santa-maria-y-tercero-arriba\/","title":{"rendered":"FUNCIONARIO ITINERANTE PARA LA EMISI\u00d3N DEL PASAPORTE \u2013 Villa General Belgrano \u2013 Julio 2025 \u2013 (para residentes de los departamentos Calamuchita, Santa Maria y Tercero Arriba)"},"content":{"rendered":"<p style=\"text-align: justify;\">Se informa que la habilitaci\u00f3n de turnos de la pr\u00f3xima misi\u00f3n del funcionario itinerante en la ciudad de Villa General Belgrano, para la emisi\u00f3n\/renovaci\u00f3n del pasaporte, dirigida a los ciudadanos residentes en los\u00a0departamentos de\u00a0Calamuchita, Santa Maria y Tercero Arriba, ser\u00e1 el pr\u00f3ximo martes 15 de Julio 2025. La convocatoria estar\u00e1 dirigida \u00fanicamente a las personas residentes en los departamentos antes mencionados.<\/p>\n<p style=\"text-align: justify;\">Los turnos se podr\u00e1n reservar \u00a0<strong>solamente v\u00eda e-mail mediante la direcci\u00f3n<\/strong>\u00a0<a href=\"mailto:cordoba.passportinoa@esteri.it\"><strong>cordoba.passportinoa@esteri.it<\/strong><\/a><strong>\u00a0desde las\u00a010:00 hasta las 18:00 horas del d\u00eda martes 15 de Julio 2025<\/strong>.<\/p>\n<p style=\"text-align: justify;\">A tal fin, deber\u00e1 indicar en el asunto del e-mail\u00a0<strong>\u201cMisi\u00f3n Itinerante Villa General Belgrano \u2013 Julio 2025\u201d<\/strong>\u00a0y el nombre del solicitante.<\/p>\n<p style=\"text-align: justify;\">Adem\u00e1s, deber\u00e1 adjuntar en un \u00fanico archivo PDF:<\/p>\n<p style=\"text-align: justify;\"><strong>\u2013 el documento de identidad<\/strong>\u00a0<strong>v\u00e1lido (DNI)\u00a0<\/strong>del interesado, frente y dorso, (<u>en caso de solicitar un turno para hijo\/a menor, adjunte tambi\u00e9n los<\/u> <u>documentos de identidad de ambos progenitores<\/u>);<\/p>\n<p style=\"text-align: justify;\">\u2013<strong>\u00a0el<\/strong>\u00a0<strong>formulario de solicitud de turno,\u00a0<\/strong>completo en todos sus campos (por ejemplo, estado civil, cantidad de hijos menores, domicilio). En caso de presentar la solicitud incompleta y\/o sin firma ol\u00f3grafa, o de no adjuntar un documento de identidad, el turno podr\u00eda no ser otorgado.<\/p>\n<p style=\"text-align: justify;\"><strong>\u00a0<\/strong><\/p>\n<p style=\"text-align: justify;\">Posteriormente, la Oficina de Pasaportes se pondr\u00e1 en contacto con el interesado v\u00eda e-mail para brindarle mayor informaci\u00f3n acerca del procedimiento a seguir.<\/p>\n<p style=\"text-align: justify;\">Se comunica, a su vez, que\u00a0<u>se tomar\u00e1n en cuenta \u00fanicamente las solicitudes de los usuarios que tengan sus datos regularmente actualizados en nuestro registro consular.<\/u><\/p>\n<p style=\"text-align: justify;\">\n<p style=\"text-align: justify;\"><strong>LOS E-MAILS ENVIADOS ANTES DE LAS 10:00 HS O DESPU\u00c8S DE LAS 18:00 HS DEL D\u00cdA MARTES 15 DE JULIO 2025 NO SER\u00c1N INCLUIDOS EN LA CONVOCATORIA.<\/strong><\/p>\n<p>Para descargar el formulario de solicitud de turno, haga click aqu\u00ed: <a href=\"https:\/\/conscordoba.esteri.it\/wp-content\/uploads\/2023\/12\/FORMULARIO-RICHIESTA-TURNO-FUNZIONARIO-ITINERANTE.pdf\"><strong>For<\/strong><strong>mulario<\/strong><strong><u> de Solicitud<\/u><\/strong><\/a><\/p>\n<p style=\"text-align: justify;\">\n","protected":false},"excerpt":{"rendered":"Se informa que la habilitaci\u00f3n de turnos de la pr\u00f3xima misi\u00f3n del funcionario itinerante en la ciudad de Villa General Belgrano, para la emisi\u00f3n\/renovaci\u00f3n del pasaporte, dirigida a los ciudadanos residentes en los\u00a0departamentos de\u00a0Calamuchita, Santa Maria y Tercero Arriba, ser\u00e1 el pr\u00f3ximo martes 15 de Julio 2025. La convocatoria estar\u00e1 dirigida \u00fanicamente a las personas [&hellip;]","protected":false},"author":6,"featured_media":0,"comment_status":"closed","ping_status":"closed","sticky":false,"template":"","format":"standard","meta":{"footnotes":""},"tags":[],"class_list":["post-6249","post","type-post","status-publish","format-standard","hentry"],"_links":{"self":[{"href":"https:\/\/conscordoba.esteri.it\/es\/wp-json\/wp\/v2\/posts\/6249","targetHints":{"allow":["GET"]}}],"collection":[{"href":"https:\/\/conscordoba.esteri.it\/es\/wp-json\/wp\/v2\/posts"}],"about":[{"href":"https:\/\/conscordoba.esteri.it\/es\/wp-json\/wp\/v2\/types\/post"}],"author":[{"embeddable":true,"href":"https:\/\/conscordoba.esteri.it\/es\/wp-json\/wp\/v2\/users\/6"}],"replies":[{"embeddable":true,"href":"https:\/\/conscordoba.esteri.it\/es\/wp-json\/wp\/v2\/comments?post=6249"}],"version-history":[{"count":1,"href":"https:\/\/conscordoba.esteri.it\/es\/wp-json\/wp\/v2\/posts\/6249\/revisions"}],"predecessor-version":[{"id":6252,"href":"https:\/\/conscordoba.esteri.it\/es\/wp-json\/wp\/v2\/posts\/6249\/revisions\/6252"}],"wp:attachment":[{"href":"https:\/\/conscordoba.esteri.it\/es\/wp-json\/wp\/v2\/media?parent=6249"}],"wp:term":[{"taxonomy":"post_tag","embeddable":true,"href":"https:\/\/conscordoba.esteri.it\/es\/wp-json\/wp\/v2\/tags?post=6249"}],"curies":[{"name":"wp","href":"https:\/\/api.w.org\/{rel}","templated":true}]}}