{"id":6321,"date":"2025-07-24T19:07:13","date_gmt":"2025-07-24T17:07:13","guid":{"rendered":"https:\/\/conscordoba.esteri.it\/?p=6321"},"modified":"2025-07-24T19:07:34","modified_gmt":"2025-07-24T17:07:34","slug":"v-edizione-del-concorso-per-la-premiazione-della-fedelta-al-lavoro-e-del-progresso-economico","status":"publish","type":"post","link":"https:\/\/conscordoba.esteri.it\/es\/news\/dal_consolato\/2025\/07\/v-edizione-del-concorso-per-la-premiazione-della-fedelta-al-lavoro-e-del-progresso-economico\/","title":{"rendered":"V Edizione del Concorso per la Premiazione della Fedelt\u00e0 al Lavoro e del Progresso Economico"},"content":{"rendered":"<p>Ritorna il concorso che premia chi si \u00e8 dedicato al lavoro con dedizione e impegno, facendo del lavoro la propria ragione di vita e chi, con passione e tenacia, ha continuato l&#8217;attivit\u00e0 avviata dalla propria famiglia e nell&#8217;impresa di famiglia ha visto passare la storia di tante persone. Chi \u00e8 rimasto fedele alle tradizioni e chi \u00e8 riuscito a stare al passo con i tempi, chi ha portato alto il nome dell&#8217;Italia nel mondo e chi \u00e8 rimasto ancorato alle proprie radici. Premia l&#8217;audacia dei giovani imprenditori, le eccellenze del territorio, i saperi e, in generale, il talento e la storia delle imprese trevigiane e bellunesi.<\/p>\n<p>Concorso biennale riservato alle seguenti categorie:<\/p>\n<ul class=\"punto_rosso\">\n<li>lavoratori dipendenti, pensionati e dirigenti<\/li>\n<li>imprese<\/li>\n<li>imprenditori e amministratori di societ\u00e0<\/li>\n<li>lavoratori all&#8217;estero e rimpatriati<\/li>\n<li>altri soggetti (scuole superiori di secondo grado e istituzioni formative accreditate dalla regione, esperti o docenti, studi di professionisti).<\/li>\n<\/ul>\n<p><a title=\"Regolamento\" href=\"https:\/\/www.tb.camcom.gov.it\/uploads\/SEG\/Regolamenti\/Regolamento_premiofedelta.pdf\"><strong>Regolamento del Concorso<\/strong><\/a><\/p>\n<p><strong><a href=\"https:\/\/conscordoba.esteri.it\/wp-content\/uploads\/2025\/07\/SEG-LocandinaA4-ConcorsoFedeltaProgresso.pdf\">Locandina concorso<\/a><\/strong><\/p>\n<h3><strong>Premi<\/strong><\/h3>\n<p>Il premio consiste in una targa accompagnata da diploma<\/p>\n<h3><strong>Partecipazione<\/strong><\/h3>\n<p>Le domande di partecipazione e le candidature\/segnalazioni al Concorso (art. 4 del Bando), redatte su apposita modulistica, dovranno pervenire alla Camera di Commercio entro il\u00a0<strong>30 settembre 2025<\/strong><\/p>\n<p>I requisiti richiesti dal\u00a0<a title=\"Bando 5a edizione \" href=\"https:\/\/www.tb.camcom.gov.it\/uploads\/SEG\/bandi\/Bando_quinta_edizione_approvato_Giunta-2025.pdf\">Bando<\/a>\u00a0devono essere posseduti alla data di presentazione della domanda.<\/p>\n<p>Le domande, complete della documentazione prevista dal Bando, dovranno essere trasmesse:<\/p>\n<ul class=\"punto_rosso\">\n<li>a mezzo posta elettronica certificata all&#8217;indirizzo:\u00a0<a href=\"mailto:cciaa@pec.tb.camcom.it\">cciaa@pec.tb.camcom.it<\/a><br \/>\n<em>oppure<\/em><\/li>\n<li>a mezzo raccomandata (far\u00e0 fede il timbro postale di spedizione).<\/li>\n<\/ul>\n<h3><strong>Premiazione<\/strong><\/h3>\n<p>La premiazione avr\u00e0 luogo in pubblica cerimonia alla presenza delle Autorit\u00e0.<\/p>\n<p class=\"abstract\"><a title=\"Guarda le premiazioni del Concorso 2024\" href=\"https:\/\/www.tb.camcom.gov.it\/content\/15502\/La-Camera-\/Eventipremiazioni\/PremiazioneFedeltaLavoro2024\/\">Guarda le premiazioni del Concorso 2024<\/a><\/p>\n<h3><strong>Per maggiori informazioni:<\/strong><\/h3>\n<p><a href=\"https:\/\/www.tb.camcom.gov.it\/CCIAA_bandi.asp?cod=2589\">https:\/\/www.tb.camcom.gov.it\/CCIAA_bandi.asp?cod=2589<\/a><\/p>\n<p>&nbsp;<\/p>\n<p>Ufficio Segreteria Generale<br \/>\nTel.\u00a0<a title=\"Telefona allo 0422.595201\" href=\"tel:0422595201\">0422.595201<\/a>\u00a0&#8211;<a title=\"Telefona allo 0422.595232\" href=\"tel:0422595232\">232<\/a><br \/>\ne-mail\u00a0<a title=\"scrivi a segreteria.generale@tb.camcom.it\" href=\"mailto:segreteria.generale@tb.camcom.it\">segreteria.generale@tb.camcom.it<\/a><\/p>\n<p>&nbsp;<\/p>\n","protected":false},"excerpt":{"rendered":"Ritorna il concorso che premia chi si \u00e8 dedicato al lavoro con dedizione e impegno, facendo del lavoro la propria ragione di vita e chi, con passione e tenacia, ha continuato l&#8217;attivit\u00e0 avviata dalla propria famiglia e nell&#8217;impresa di famiglia ha visto passare la storia di tante persone. Chi \u00e8 rimasto fedele alle tradizioni e [&hellip;]","protected":false},"author":5,"featured_media":0,"comment_status":"closed","ping_status":"closed","sticky":false,"template":"","format":"standard","meta":{"footnotes":""},"tags":[],"class_list":["post-6321","post","type-post","status-publish","format-standard","hentry"],"_links":{"self":[{"href":"https:\/\/conscordoba.esteri.it\/es\/wp-json\/wp\/v2\/posts\/6321","targetHints":{"allow":["GET"]}}],"collection":[{"href":"https:\/\/conscordoba.esteri.it\/es\/wp-json\/wp\/v2\/posts"}],"about":[{"href":"https:\/\/conscordoba.esteri.it\/es\/wp-json\/wp\/v2\/types\/post"}],"author":[{"embeddable":true,"href":"https:\/\/conscordoba.esteri.it\/es\/wp-json\/wp\/v2\/users\/5"}],"replies":[{"embeddable":true,"href":"https:\/\/conscordoba.esteri.it\/es\/wp-json\/wp\/v2\/comments?post=6321"}],"version-history":[{"count":1,"href":"https:\/\/conscordoba.esteri.it\/es\/wp-json\/wp\/v2\/posts\/6321\/revisions"}],"predecessor-version":[{"id":6322,"href":"https:\/\/conscordoba.esteri.it\/es\/wp-json\/wp\/v2\/posts\/6321\/revisions\/6322"}],"wp:attachment":[{"href":"https:\/\/conscordoba.esteri.it\/es\/wp-json\/wp\/v2\/media?parent=6321"}],"wp:term":[{"taxonomy":"post_tag","embeddable":true,"href":"https:\/\/conscordoba.esteri.it\/es\/wp-json\/wp\/v2\/tags?post=6321"}],"curies":[{"name":"wp","href":"https:\/\/api.w.org\/{rel}","templated":true}]}}