{"id":7799,"date":"2026-09-04T19:13:25","date_gmt":"2026-09-04T17:13:25","guid":{"rendered":"https:\/\/conscordoba.esteri.it\/?p=7799"},"modified":"2026-09-04T19:20:36","modified_gmt":"2026-09-04T17:20:36","slug":"pasaportes-habilitacion-de-nuevos-turnos-16","status":"publish","type":"post","link":"https:\/\/conscordoba.esteri.it\/es\/news\/dal_consolato\/2026\/09\/pasaportes-habilitacion-de-nuevos-turnos-16\/","title":{"rendered":"PASAPORTES: HABILITACI\u00d3N DE NUEVOS TURNOS"},"content":{"rendered":"<div>\n<div>\n<div>\n<div class=\"_rp_p6 _rp_q6\">\n<div id=\"Conversation.FossilizedTextBody\" class=\"ms-font-weight-regular ms-font-color-neutralDark rpHighlightAllClass rpHighlightBodyClass _rp_r6\">\n<div class=\"ms-border-color-neutralTertiaryAlt\">\n<div>\n<div>\n<div>\n<div align=\"justify\"><span style=\"font-family: Tahoma,sans-serif; font-size: small;\"><span lang=\"es-AR\">Les informamos a los usuarios que la habilitaci\u00f3n de los nuevos turnos para la emisi\u00f3n\/renovaci\u00f3n del <strong>p<\/strong><\/span><\/span><span style=\"font-family: Tahoma,sans-serif; font-size: small;\"><span lang=\"es-AR\"><b>asaporte<\/b><\/span><\/span><span style=\"font-family: Tahoma,sans-serif; font-size: small;\"><span lang=\"es-AR\">\u00a0ser\u00e1 el\u00a0<\/span><\/span><span style=\"font-family: Tahoma,sans-serif; font-size: small;\"><span lang=\"es-AR\">d\u00eda<\/span><\/span><span style=\"font-family: Tahoma,sans-serif; font-size: small;\"><span lang=\"es-AR\"><b>\u00a0<\/b><\/span><\/span><span style=\"font-family: Tahoma,sans-serif; font-size: small;\"><span lang=\"es-AR\"><b><u>martes 08 de septiembre de 2026, a las 11:00 horas de Argentina<\/u><\/b><\/span><\/span><span style=\"font-family: Tahoma,sans-serif; font-size: small;\"><span lang=\"es-AR\">.<\/span><\/span><\/div>\n<div align=\"justify\"><span style=\"font-family: Tahoma,sans-serif; font-size: small;\"><span lang=\"es-AR\">La reserva del turno se realiza \u00fanicamente a trav\u00e9s del portal\u00a0<\/span><\/span><span style=\"text-decoration: underline;\"><span style=\"font-family: Tahoma,sans-serif; font-size: small;\"><span lang=\"es-AR\"><b>oficial y gratuito<\/b><\/span><\/span><\/span><span style=\"font-family: Tahoma,sans-serif; font-size: small;\"><span lang=\"es-AR\">\u00a0<\/span><\/span><a href=\"https:\/\/prenotami.esteri.it\/\" target=\"_blank\" rel=\"noopener noreferrer\"><span style=\"font-family: Tahoma,sans-serif; font-size: small;\"><span lang=\"es-AR\"><span style=\"color: blue; font-family: Tahoma,sans-serif;\"><b>Prenot@mi<\/b><\/span><\/span><\/span><\/a><span style=\"font-family: Tahoma,sans-serif; font-size: small;\"><span lang=\"es-AR\">.<\/span><\/span><\/div>\n<div><span style=\"font-family: Calibri,sans-serif; font-size: small;\"><span style=\"font-family: Tahoma,sans-serif;\"><span lang=\"es-AR\"><b>Le recordamos que la presente habilitacion de turnos est\u00e1 destinada exclusivamente a la emisi\u00f3n y renovaci\u00f3n del pasaporte (y <span style=\"text-decoration: underline;\">no incluye la tramitaci\u00f3n de la CIE<\/span>). <\/b><\/span><\/span><\/span><\/div>\n<div><span style=\"font-family: Calibri,sans-serif; font-size: small;\"><span style=\"font-family: Tahoma,sans-serif;\"><span lang=\"es-AR\"><b>Los turnos solicitados para otros servicios ser\u00e1n<\/b><\/span><\/span><span style=\"font-family: Tahoma,sans-serif;\"><span lang=\"es-AR\">\u00a0<\/span><\/span><span style=\"font-family: Tahoma,sans-serif;\"><span lang=\"es-AR\"><b>anulados<\/b><\/span><\/span><span style=\"font-family: Tahoma,sans-serif;\"><span lang=\"es-AR\">.<\/span><\/span><\/span><\/div>\n<\/div>\n<\/div>\n<\/div>\n<\/div>\n<\/div>\n<\/div>\n<\/div>\n<\/div>\n<\/div>\n","protected":false},"excerpt":{"rendered":"Les informamos a los usuarios que la habilitaci\u00f3n de los nuevos turnos para la emisi\u00f3n\/renovaci\u00f3n del pasaporte\u00a0ser\u00e1 el\u00a0d\u00eda\u00a0martes 08 de septiembre de 2026, a las 11:00 horas de Argentina. La reserva del turno se realiza \u00fanicamente a trav\u00e9s del portal\u00a0oficial y gratuito\u00a0Prenot@mi. Le recordamos que la presente habilitacion de turnos est\u00e1 destinada exclusivamente a la [&hellip;]","protected":false},"author":14,"featured_media":6724,"comment_status":"closed","ping_status":"closed","sticky":false,"template":"","format":"standard","meta":{"footnotes":""},"tags":[],"class_list":["post-7799","post","type-post","status-publish","format-standard","has-post-thumbnail","hentry"],"_links":{"self":[{"href":"https:\/\/conscordoba.esteri.it\/es\/wp-json\/wp\/v2\/posts\/7799","targetHints":{"allow":["GET"]}}],"collection":[{"href":"https:\/\/conscordoba.esteri.it\/es\/wp-json\/wp\/v2\/posts"}],"about":[{"href":"https:\/\/conscordoba.esteri.it\/es\/wp-json\/wp\/v2\/types\/post"}],"author":[{"embeddable":true,"href":"https:\/\/conscordoba.esteri.it\/es\/wp-json\/wp\/v2\/users\/14"}],"replies":[{"embeddable":true,"href":"https:\/\/conscordoba.esteri.it\/es\/wp-json\/wp\/v2\/comments?post=7799"}],"version-history":[{"count":3,"href":"https:\/\/conscordoba.esteri.it\/es\/wp-json\/wp\/v2\/posts\/7799\/revisions"}],"predecessor-version":[{"id":7808,"href":"https:\/\/conscordoba.esteri.it\/es\/wp-json\/wp\/v2\/posts\/7799\/revisions\/7808"}],"wp:featuredmedia":[{"embeddable":true,"href":"https:\/\/conscordoba.esteri.it\/es\/wp-json\/wp\/v2\/media\/6724"}],"wp:attachment":[{"href":"https:\/\/conscordoba.esteri.it\/es\/wp-json\/wp\/v2\/media?parent=7799"}],"wp:term":[{"taxonomy":"post_tag","embeddable":true,"href":"https:\/\/conscordoba.esteri.it\/es\/wp-json\/wp\/v2\/tags?post=7799"}],"curies":[{"name":"wp","href":"https:\/\/api.w.org\/{rel}","templated":true}]}}